{"id":508171,"date":"2023-08-02T13:57:36","date_gmt":"2023-08-02T13:57:36","guid":{"rendered":"https:\/\/www.fanpage.it\/spettacolo\/?p=177796"},"modified":"2023-08-02T13:57:36","modified_gmt":"2023-08-02T13:57:36","slug":"myrta-merlino-sul-nuovo-pomeriggio-5-basta-caccia-al-mostro-alberto-matano-mi-ha-dato-consigli","status":"publish","type":"post","link":"https:\/\/nugnes.com\/?p=508171","title":{"rendered":"Myrta Merlino sul nuovo Pomeriggio 5: &#8220;Basta caccia al mostro, Alberto Matano mi ha dato consigli&#8221;"},"content":{"rendered":"<img src=\"https:\/\/staticfanpage.akamaized.net\/wp-content\/uploads\/sites\/25\/2023\/08\/ipiccy_image-2023-08-02T154321.840.jpg\" \/><br \/>Myrta Merlino al settimanale Chi apre le porte della sua nuova avventura in tv. Da settembre prender\u00e0 il posto di Barbara D'Urso a Pomeriggio Cinque: \"Con lei nessuna rivalit\u00e0, \u00e8 solo cambiata la linea editoriale\". La conduttrice ha ricevuto preziosi consigli da Alberto Matano, ma soprattutto il sostegno del compagno Marco Tardelli: \"Lui \u00e8 persino pi\u00f9 contento di me\".<br \/><a href=\"https:\/\/www.fanpage.it\/spettacolo\/interviste\/myrta-merlino-sul-nuovo-pomeriggio-5-basta-caccia-al-mostro-alberto-matano-mi-ha-dato-consigli\/\">Continua a leggere<\/a>","protected":false},"excerpt":{"rendered":"<p>Myrta Merlino al settimanale Chi apre le porte della sua nuova avventura in tv. Da settembre prender\u00e0 il posto di Barbara D&#8217;Urso a Pomeriggio Cinque: &#8220;Con lei nessuna rivalit\u00e0, \u00e8 solo cambiata la linea editoriale&#8221;. La conduttrice ha ricevuto preziosi c&#8230;<\/p>\n","protected":false},"author":283,"featured_media":0,"comment_status":"closed","ping_status":"closed","sticky":false,"template":"","format":"standard","meta":{"om_disable_all_campaigns":false,"_monsterinsights_skip_tracking":false,"_monsterinsights_sitenote_active":false,"_monsterinsights_sitenote_note":"","_monsterinsights_sitenote_category":0,"footnotes":""},"categories":[1411],"tags":[],"class_list":["post-508171","post","type-post","status-publish","format-standard","hentry","category-interviste"],"aioseo_notices":[],"_links":{"self":[{"href":"https:\/\/nugnes.com\/index.php?rest_route=\/wp\/v2\/posts\/508171","targetHints":{"allow":["GET"]}}],"collection":[{"href":"https:\/\/nugnes.com\/index.php?rest_route=\/wp\/v2\/posts"}],"about":[{"href":"https:\/\/nugnes.com\/index.php?rest_route=\/wp\/v2\/types\/post"}],"author":[{"embeddable":true,"href":"https:\/\/nugnes.com\/index.php?rest_route=\/wp\/v2\/users\/283"}],"replies":[{"embeddable":true,"href":"https:\/\/nugnes.com\/index.php?rest_route=%2Fwp%2Fv2%2Fcomments&post=508171"}],"version-history":[{"count":1,"href":"https:\/\/nugnes.com\/index.php?rest_route=\/wp\/v2\/posts\/508171\/revisions"}],"predecessor-version":[{"id":508172,"href":"https:\/\/nugnes.com\/index.php?rest_route=\/wp\/v2\/posts\/508171\/revisions\/508172"}],"wp:attachment":[{"href":"https:\/\/nugnes.com\/index.php?rest_route=%2Fwp%2Fv2%2Fmedia&parent=508171"}],"wp:term":[{"taxonomy":"category","embeddable":true,"href":"https:\/\/nugnes.com\/index.php?rest_route=%2Fwp%2Fv2%2Fcategories&post=508171"},{"taxonomy":"post_tag","embeddable":true,"href":"https:\/\/nugnes.com\/index.php?rest_route=%2Fwp%2Fv2%2Ftags&post=508171"}],"curies":[{"name":"wp","href":"https:\/\/api.w.org\/{rel}","templated":true}]}}