{"id":511633,"date":"2023-08-11T09:04:20","date_gmt":"2023-08-11T09:04:20","guid":{"rendered":"https:\/\/www.fanpage.it\/roma\/?p=673381"},"modified":"2023-08-11T09:04:20","modified_gmt":"2023-08-11T09:04:20","slug":"romanina-anziano-travolto-e-ucciso-da-una-moto-mentre-attraversa-e-la-terza-vittima-in-quel-tratto","status":"publish","type":"post","link":"https:\/\/nugnes.com\/?p=511633","title":{"rendered":"Romanina, anziano travolto e ucciso da una moto mentre attraversa: \u00e8 la terza vittima in quel tratto"},"content":{"rendered":"<img src=\"https:\/\/staticfanpage.akamaized.net\/wp-content\/uploads\/sites\/28\/2022\/10\/incidente-stradale-auto-polizia-locale-300x225.jpeg\" \/><br \/>Franco Spurio, 81 anni, \u00e8 stato investito ieri, gioved\u00ec 10 agosto, a poca distanza da casa sua, in via Biagio Petrocelli. Ma \u00e8 solo l\u2019ultimo degli incidenti mortali in quel tratto di strada della Romanina: tre anni fa aveva perso la vita un\u2019altra 81enne, mentre nel 2017 era morta una giovane di 37 anni.<br \/><a href=\"https:\/\/www.fanpage.it\/roma\/anziano-travolto-e-ucciso-da-una-moto-mentre-attraversa-la-strada-e-la-terza-vittima-in-quel-tratto\/\">Continua a leggere<\/a>","protected":false},"excerpt":{"rendered":"<p>Franco Spurio, 81 anni, \u00e8 stato investito ieri, gioved\u00ec 10 agosto, a poca distanza da casa sua, in via Biagio Petrocelli. Ma \u00e8 solo l\u2019ultimo degli incidenti mortali in quel tratto di strada della Romanina: tre anni fa aveva perso la vita un\u2019altra 81enn&#8230;<\/p>\n","protected":false},"author":525,"featured_media":0,"comment_status":"closed","ping_status":"closed","sticky":false,"template":"","format":"standard","meta":{"om_disable_all_campaigns":false,"_monsterinsights_skip_tracking":false,"_monsterinsights_sitenote_active":false,"_monsterinsights_sitenote_note":"","_monsterinsights_sitenote_category":0,"footnotes":""},"categories":[10,1137],"tags":[],"class_list":["post-511633","post","type-post","status-publish","format-standard","hentry","category-cronaca","category-incidenti-stradali"],"aioseo_notices":[],"_links":{"self":[{"href":"https:\/\/nugnes.com\/index.php?rest_route=\/wp\/v2\/posts\/511633","targetHints":{"allow":["GET"]}}],"collection":[{"href":"https:\/\/nugnes.com\/index.php?rest_route=\/wp\/v2\/posts"}],"about":[{"href":"https:\/\/nugnes.com\/index.php?rest_route=\/wp\/v2\/types\/post"}],"author":[{"embeddable":true,"href":"https:\/\/nugnes.com\/index.php?rest_route=\/wp\/v2\/users\/525"}],"replies":[{"embeddable":true,"href":"https:\/\/nugnes.com\/index.php?rest_route=%2Fwp%2Fv2%2Fcomments&post=511633"}],"version-history":[{"count":1,"href":"https:\/\/nugnes.com\/index.php?rest_route=\/wp\/v2\/posts\/511633\/revisions"}],"predecessor-version":[{"id":511634,"href":"https:\/\/nugnes.com\/index.php?rest_route=\/wp\/v2\/posts\/511633\/revisions\/511634"}],"wp:attachment":[{"href":"https:\/\/nugnes.com\/index.php?rest_route=%2Fwp%2Fv2%2Fmedia&parent=511633"}],"wp:term":[{"taxonomy":"category","embeddable":true,"href":"https:\/\/nugnes.com\/index.php?rest_route=%2Fwp%2Fv2%2Fcategories&post=511633"},{"taxonomy":"post_tag","embeddable":true,"href":"https:\/\/nugnes.com\/index.php?rest_route=%2Fwp%2Fv2%2Ftags&post=511633"}],"curies":[{"name":"wp","href":"https:\/\/api.w.org\/{rel}","templated":true}]}}