{"id":520413,"date":"2023-09-04T17:36:19","date_gmt":"2023-09-04T17:36:19","guid":{"rendered":"https:\/\/www.fanpage.it\/?p=1918669"},"modified":"2023-09-04T17:36:19","modified_gmt":"2023-09-04T17:36:19","slug":"il-papa-biologico-e-gravemente-malato-il-figlio-sara-adottato-dal-compagno-sentenza-lampo-a-trento","status":"publish","type":"post","link":"https:\/\/nugnes.com\/?p=520413","title":{"rendered":"Il pap\u00e0 biologico \u00e8 gravemente malato, il figlio sar\u00e0 adottato dal compagno: sentenza-lampo a Trento"},"content":{"rendered":"<img src=\"https:\/\/staticfanpage.akamaized.net\/wp-content\/uploads\/2018\/03\/papa-300x225.jpg\" \/><br \/>A Trento, il Tribunale dei minori ha stabilito in soli quattro mesi che un bambino, il cui padre biologico \u00e8 in gravi condizioni di salute, potr\u00e0 essere adottato da parte del compagno dell'uomo. Il compagno \u00e8 gi\u00e0 da anni il secondo pap\u00e0 del bambino, di fatto, ma per la legge italiana non era possibile nessuna registrazione della paternit\u00e0.<br \/><a href=\"https:\/\/www.fanpage.it\/politica\/il-padre-biologico-e-gravemente-malato-il-figlio-sara-adottato-dal-compagno-sentenza-lampo-a-trento\/\">Continua a leggere<\/a>","protected":false},"excerpt":{"rendered":"<p>A Trento, il Tribunale dei minori ha stabilito in soli quattro mesi che un bambino, il cui padre biologico \u00e8 in gravi condizioni di salute, potr\u00e0 essere adottato da parte del compagno dell&#8217;uomo. Il compagno \u00e8 gi\u00e0 da anni il secondo pap\u00e0 del bambino, di&#8230;<\/p>\n","protected":false},"author":425,"featured_media":0,"comment_status":"closed","ping_status":"closed","sticky":false,"template":"","format":"standard","meta":{"om_disable_all_campaigns":false,"_monsterinsights_skip_tracking":false,"_monsterinsights_sitenote_active":false,"_monsterinsights_sitenote_note":"","_monsterinsights_sitenote_category":0,"footnotes":""},"categories":[748],"tags":[],"class_list":["post-520413","post","type-post","status-publish","format-standard","hentry","category-politica-italiana"],"aioseo_notices":[],"_links":{"self":[{"href":"https:\/\/nugnes.com\/index.php?rest_route=\/wp\/v2\/posts\/520413","targetHints":{"allow":["GET"]}}],"collection":[{"href":"https:\/\/nugnes.com\/index.php?rest_route=\/wp\/v2\/posts"}],"about":[{"href":"https:\/\/nugnes.com\/index.php?rest_route=\/wp\/v2\/types\/post"}],"author":[{"embeddable":true,"href":"https:\/\/nugnes.com\/index.php?rest_route=\/wp\/v2\/users\/425"}],"replies":[{"embeddable":true,"href":"https:\/\/nugnes.com\/index.php?rest_route=%2Fwp%2Fv2%2Fcomments&post=520413"}],"version-history":[{"count":1,"href":"https:\/\/nugnes.com\/index.php?rest_route=\/wp\/v2\/posts\/520413\/revisions"}],"predecessor-version":[{"id":520414,"href":"https:\/\/nugnes.com\/index.php?rest_route=\/wp\/v2\/posts\/520413\/revisions\/520414"}],"wp:attachment":[{"href":"https:\/\/nugnes.com\/index.php?rest_route=%2Fwp%2Fv2%2Fmedia&parent=520413"}],"wp:term":[{"taxonomy":"category","embeddable":true,"href":"https:\/\/nugnes.com\/index.php?rest_route=%2Fwp%2Fv2%2Fcategories&post=520413"},{"taxonomy":"post_tag","embeddable":true,"href":"https:\/\/nugnes.com\/index.php?rest_route=%2Fwp%2Fv2%2Ftags&post=520413"}],"curies":[{"name":"wp","href":"https:\/\/api.w.org\/{rel}","templated":true}]}}