{"id":522106,"date":"2023-09-07T17:33:42","date_gmt":"2023-09-07T17:33:42","guid":{"rendered":"https:\/\/www.fanpage.it\/?p=1921062"},"modified":"2023-09-07T17:33:42","modified_gmt":"2023-09-07T17:33:42","slug":"meloni-dice-che-la-criminalita-giovanile-si-sta-allargando-a-macchia-dolio","status":"publish","type":"post","link":"https:\/\/nugnes.com\/?p=522106","title":{"rendered":"Meloni dice che la criminalit\u00e0 giovanile si sta allargando a macchia d&#8217;olio"},"content":{"rendered":"<img src=\"https:\/\/staticfanpage.akamaized.net\/wp-content\/uploads\/2023\/09\/giorgia-meloni-1-300x225.jpg\" \/><br \/>La presidente del Consiglio, intervenuta alla fine della conferenza stampa, nega che le misure contro la violenza giovanile siano repressive: \"Sono anche preventive, perch\u00e9 per anni i minori sono stati utilizzati come scudo\". E ha lanciato l'allarme: \"C'\u00e8 la stretta sulla criminalit\u00e0 minorile, perch\u00e9 si sta diffondendo a macchia d'olio\".<br \/><a href=\"https:\/\/www.fanpage.it\/politica\/meloni-dice-che-la-criminalita-giovanile-si-sta-allargando-a-macchia-dolio\/\">Continua a leggere<\/a>","protected":false},"excerpt":{"rendered":"<p>La presidente del Consiglio, intervenuta alla fine della conferenza stampa, nega che le misure contro la violenza giovanile siano repressive: &#8220;Sono anche preventive, perch\u00e9 per anni i minori sono stati utilizzati come scudo&#8221;. E ha lanciato l&#8217;allarme: &#8220;&#8230;<\/p>\n","protected":false},"author":187,"featured_media":0,"comment_status":"closed","ping_status":"closed","sticky":false,"template":"","format":"standard","meta":{"om_disable_all_campaigns":false,"_monsterinsights_skip_tracking":false,"_monsterinsights_sitenote_active":false,"_monsterinsights_sitenote_note":"","_monsterinsights_sitenote_category":0,"footnotes":""},"categories":[748],"tags":[],"class_list":["post-522106","post","type-post","status-publish","format-standard","hentry","category-politica-italiana"],"aioseo_notices":[],"_links":{"self":[{"href":"https:\/\/nugnes.com\/index.php?rest_route=\/wp\/v2\/posts\/522106","targetHints":{"allow":["GET"]}}],"collection":[{"href":"https:\/\/nugnes.com\/index.php?rest_route=\/wp\/v2\/posts"}],"about":[{"href":"https:\/\/nugnes.com\/index.php?rest_route=\/wp\/v2\/types\/post"}],"author":[{"embeddable":true,"href":"https:\/\/nugnes.com\/index.php?rest_route=\/wp\/v2\/users\/187"}],"replies":[{"embeddable":true,"href":"https:\/\/nugnes.com\/index.php?rest_route=%2Fwp%2Fv2%2Fcomments&post=522106"}],"version-history":[{"count":1,"href":"https:\/\/nugnes.com\/index.php?rest_route=\/wp\/v2\/posts\/522106\/revisions"}],"predecessor-version":[{"id":522107,"href":"https:\/\/nugnes.com\/index.php?rest_route=\/wp\/v2\/posts\/522106\/revisions\/522107"}],"wp:attachment":[{"href":"https:\/\/nugnes.com\/index.php?rest_route=%2Fwp%2Fv2%2Fmedia&parent=522106"}],"wp:term":[{"taxonomy":"category","embeddable":true,"href":"https:\/\/nugnes.com\/index.php?rest_route=%2Fwp%2Fv2%2Fcategories&post=522106"},{"taxonomy":"post_tag","embeddable":true,"href":"https:\/\/nugnes.com\/index.php?rest_route=%2Fwp%2Fv2%2Ftags&post=522106"}],"curies":[{"name":"wp","href":"https:\/\/api.w.org\/{rel}","templated":true}]}}