{"id":523219,"date":"2023-09-10T16:09:06","date_gmt":"2023-09-10T16:09:06","guid":{"rendered":"https:\/\/www.fanpage.it\/sport\/?p=1918967"},"modified":"2023-09-10T16:09:06","modified_gmt":"2023-09-10T16:09:06","slug":"lultimo-oltraggio-a-dani-alves-arriva-nel-cuore-della-sua-terra-vandalizzata-la-sua-statua-a-bahia","status":"publish","type":"post","link":"https:\/\/nugnes.com\/?p=523219","title":{"rendered":"L&#8217;ultimo oltraggio a Dani Alves arriva nel cuore della sua terra: vandalizzata la sua statua a Bahia"},"content":{"rendered":"<img src=\"https:\/\/staticfanpage.akamaized.net\/wp-content\/uploads\/sites\/27\/2023\/09\/dani-alves-statua-vandali-638x425.jpg\" \/><br \/>L'irrefrenabile declino di Dani Alves dopo le accuse di violenza carnale e l'attuale stato di detenzione preventiva in attesa di processo non sembra aver fine. Cos\u00ec, anche nel suo paese natale, Juazeiro nello Stato di Bahia, c'\u00e8 chi ne ha preso le distanze nel modo pi\u00f9 clamoroso.<br \/><a href=\"https:\/\/www.fanpage.it\/sport\/calcio\/lultimo-oltraggio-a-dani-alves-arriva-nel-cuore-della-sua-terra-vandalizzata-la-sua-statua-a-bahia\/\">Continua a leggere<\/a>","protected":false},"excerpt":{"rendered":"<p>L&#8217;irrefrenabile declino di Dani Alves dopo le accuse di violenza carnale e l&#8217;attuale stato di detenzione preventiva in attesa di processo non sembra aver fine. Cos\u00ec, anche nel suo paese natale, Juazeiro nello Stato di Bahia, c&#8217;\u00e8 chi ne ha preso le dist&#8230;<\/p>\n","protected":false},"author":81,"featured_media":0,"comment_status":"closed","ping_status":"closed","sticky":false,"template":"","format":"standard","meta":{"om_disable_all_campaigns":false,"_monsterinsights_skip_tracking":false,"_monsterinsights_sitenote_active":false,"_monsterinsights_sitenote_note":"","_monsterinsights_sitenote_category":0,"footnotes":""},"categories":[75,743],"tags":[],"class_list":["post-523219","post","type-post","status-publish","format-standard","hentry","category-calcio","category-notizie"],"aioseo_notices":[],"_links":{"self":[{"href":"https:\/\/nugnes.com\/index.php?rest_route=\/wp\/v2\/posts\/523219","targetHints":{"allow":["GET"]}}],"collection":[{"href":"https:\/\/nugnes.com\/index.php?rest_route=\/wp\/v2\/posts"}],"about":[{"href":"https:\/\/nugnes.com\/index.php?rest_route=\/wp\/v2\/types\/post"}],"author":[{"embeddable":true,"href":"https:\/\/nugnes.com\/index.php?rest_route=\/wp\/v2\/users\/81"}],"replies":[{"embeddable":true,"href":"https:\/\/nugnes.com\/index.php?rest_route=%2Fwp%2Fv2%2Fcomments&post=523219"}],"version-history":[{"count":1,"href":"https:\/\/nugnes.com\/index.php?rest_route=\/wp\/v2\/posts\/523219\/revisions"}],"predecessor-version":[{"id":523220,"href":"https:\/\/nugnes.com\/index.php?rest_route=\/wp\/v2\/posts\/523219\/revisions\/523220"}],"wp:attachment":[{"href":"https:\/\/nugnes.com\/index.php?rest_route=%2Fwp%2Fv2%2Fmedia&parent=523219"}],"wp:term":[{"taxonomy":"category","embeddable":true,"href":"https:\/\/nugnes.com\/index.php?rest_route=%2Fwp%2Fv2%2Fcategories&post=523219"},{"taxonomy":"post_tag","embeddable":true,"href":"https:\/\/nugnes.com\/index.php?rest_route=%2Fwp%2Fv2%2Ftags&post=523219"}],"curies":[{"name":"wp","href":"https:\/\/api.w.org\/{rel}","templated":true}]}}