{"id":523246,"date":"2023-09-10T19:37:10","date_gmt":"2023-09-10T19:37:10","guid":{"rendered":"https:\/\/www.fanpage.it\/spettacolo\/?p=186983"},"modified":"2023-09-10T19:37:10","modified_gmt":"2023-09-10T19:37:10","slug":"alex-schwazer-ho-sofferto-di-depressione-al-grande-fratello-per-raccontare-la-mia-storia","status":"publish","type":"post","link":"https:\/\/nugnes.com\/?p=523246","title":{"rendered":"Alex Schwazer: &#8220;Ho sofferto di depressione. Al Grande Fratello per raccontare la mia storia&#8221;"},"content":{"rendered":"<img src=\"https:\/\/staticfanpage.akamaized.net\/wp-content\/uploads\/sites\/25\/2023\/09\/alex-schwazer-grande-fratello.jpg\" \/><br \/>Alex Schwazer, a Verissimo, ha ripercorso le tante difficolt\u00e0 affrontate nella sua vita. Luned\u00ec 11 settembre, entrer\u00e0 nella casa del Grande Fratello.<br \/><a href=\"https:\/\/www.fanpage.it\/spettacolo\/interviste\/alex-schwazer-ho-sofferto-di-depressione-al-grande-fratello-per-raccontare-la-mia-storia\/\">Continua a leggere<\/a>","protected":false},"excerpt":{"rendered":"<p>Alex Schwazer, a Verissimo, ha ripercorso le tante difficolt\u00e0 affrontate nella sua vita. Luned\u00ec 11 settembre, entrer\u00e0 nella casa del Grande Fratello.Continua a leggere<\/p>\n","protected":false},"author":121,"featured_media":0,"comment_status":"closed","ping_status":"closed","sticky":false,"template":"","format":"standard","meta":{"om_disable_all_campaigns":false,"_monsterinsights_skip_tracking":false,"_monsterinsights_sitenote_active":false,"_monsterinsights_sitenote_note":"","_monsterinsights_sitenote_category":0,"footnotes":""},"categories":[1411],"tags":[],"class_list":["post-523246","post","type-post","status-publish","format-standard","hentry","category-interviste"],"aioseo_notices":[],"_links":{"self":[{"href":"https:\/\/nugnes.com\/index.php?rest_route=\/wp\/v2\/posts\/523246","targetHints":{"allow":["GET"]}}],"collection":[{"href":"https:\/\/nugnes.com\/index.php?rest_route=\/wp\/v2\/posts"}],"about":[{"href":"https:\/\/nugnes.com\/index.php?rest_route=\/wp\/v2\/types\/post"}],"author":[{"embeddable":true,"href":"https:\/\/nugnes.com\/index.php?rest_route=\/wp\/v2\/users\/121"}],"replies":[{"embeddable":true,"href":"https:\/\/nugnes.com\/index.php?rest_route=%2Fwp%2Fv2%2Fcomments&post=523246"}],"version-history":[{"count":1,"href":"https:\/\/nugnes.com\/index.php?rest_route=\/wp\/v2\/posts\/523246\/revisions"}],"predecessor-version":[{"id":523247,"href":"https:\/\/nugnes.com\/index.php?rest_route=\/wp\/v2\/posts\/523246\/revisions\/523247"}],"wp:attachment":[{"href":"https:\/\/nugnes.com\/index.php?rest_route=%2Fwp%2Fv2%2Fmedia&parent=523246"}],"wp:term":[{"taxonomy":"category","embeddable":true,"href":"https:\/\/nugnes.com\/index.php?rest_route=%2Fwp%2Fv2%2Fcategories&post=523246"},{"taxonomy":"post_tag","embeddable":true,"href":"https:\/\/nugnes.com\/index.php?rest_route=%2Fwp%2Fv2%2Ftags&post=523246"}],"curies":[{"name":"wp","href":"https:\/\/api.w.org\/{rel}","templated":true}]}}