{"id":523578,"date":"2023-09-11T14:30:23","date_gmt":"2023-09-11T14:30:23","guid":{"rendered":"https:\/\/www.fanpage.it\/milano\/?p=226844"},"modified":"2023-09-11T14:30:23","modified_gmt":"2023-09-11T14:30:23","slug":"il-comitato-per-il-referendum-sulla-sanita-in-lombardia-la-regione-non-rispetta-la-legge-per-ostacolarci","status":"publish","type":"post","link":"https:\/\/nugnes.com\/?p=523578","title":{"rendered":"Il Comitato per il referendum sulla sanit\u00e0 in Lombardia: &#8220;La Regione non rispetta la legge per ostacolarci&#8221;"},"content":{"rendered":"<img src=\"https:\/\/staticfanpage.akamaized.net\/wp-content\/uploads\/sites\/29\/2023\/08\/medico-stetoscopio-1-300x225.jpg\" \/><br \/>Il Comitato promotore del referendum sulla sanit\u00e0 lombarda ha chiesto al Consiglio Regionale che domani, 12 settembre, non voti sull'ammissibilit\u00e0 dei quesiti. Il motivo \u00e8 che l'Ufficio di Presidenza non avrebbe rispettato la legge per motivi \"esclusivamente politici\", cosa che porter\u00e0 a un esito negativo della votazione.<br \/><a href=\"https:\/\/www.fanpage.it\/milano\/il-comitato-per-il-referendum-sulla-sanita-in-lombardia-la-regione-non-rispetta-la-legge-per-ostacolarci\/\">Continua a leggere<\/a>","protected":false},"excerpt":{"rendered":"<p>Il Comitato promotore del referendum sulla sanit\u00e0 lombarda ha chiesto al Consiglio Regionale che domani, 12 settembre, non voti sull&#8217;ammissibilit\u00e0 dei quesiti. Il motivo \u00e8 che l&#8217;Ufficio di Presidenza non avrebbe rispettato la legge per motivi &#8220;esclusiv&#8230;<\/p>\n","protected":false},"author":295,"featured_media":0,"comment_status":"closed","ping_status":"closed","sticky":false,"template":"","format":"standard","meta":{"om_disable_all_campaigns":false,"_monsterinsights_skip_tracking":false,"_monsterinsights_sitenote_active":false,"_monsterinsights_sitenote_note":"","_monsterinsights_sitenote_category":0,"footnotes":""},"categories":[745,10,236],"tags":[],"class_list":["post-523578","post","type-post","status-publish","format-standard","hentry","category-attualita","category-cronaca","category-lombardia"],"aioseo_notices":[],"_links":{"self":[{"href":"https:\/\/nugnes.com\/index.php?rest_route=\/wp\/v2\/posts\/523578","targetHints":{"allow":["GET"]}}],"collection":[{"href":"https:\/\/nugnes.com\/index.php?rest_route=\/wp\/v2\/posts"}],"about":[{"href":"https:\/\/nugnes.com\/index.php?rest_route=\/wp\/v2\/types\/post"}],"author":[{"embeddable":true,"href":"https:\/\/nugnes.com\/index.php?rest_route=\/wp\/v2\/users\/295"}],"replies":[{"embeddable":true,"href":"https:\/\/nugnes.com\/index.php?rest_route=%2Fwp%2Fv2%2Fcomments&post=523578"}],"version-history":[{"count":1,"href":"https:\/\/nugnes.com\/index.php?rest_route=\/wp\/v2\/posts\/523578\/revisions"}],"predecessor-version":[{"id":523579,"href":"https:\/\/nugnes.com\/index.php?rest_route=\/wp\/v2\/posts\/523578\/revisions\/523579"}],"wp:attachment":[{"href":"https:\/\/nugnes.com\/index.php?rest_route=%2Fwp%2Fv2%2Fmedia&parent=523578"}],"wp:term":[{"taxonomy":"category","embeddable":true,"href":"https:\/\/nugnes.com\/index.php?rest_route=%2Fwp%2Fv2%2Fcategories&post=523578"},{"taxonomy":"post_tag","embeddable":true,"href":"https:\/\/nugnes.com\/index.php?rest_route=%2Fwp%2Fv2%2Ftags&post=523578"}],"curies":[{"name":"wp","href":"https:\/\/api.w.org\/{rel}","templated":true}]}}