{"id":526333,"date":"2023-09-16T18:53:27","date_gmt":"2023-09-16T18:53:27","guid":{"rendered":"https:\/\/www.fanpage.it\/?p=1927486"},"modified":"2023-09-16T18:53:27","modified_gmt":"2023-09-16T18:53:27","slug":"chi-e-oscar-del-do-il-pilota-ai-comandi-dellaereo-delle-frecce-tricolori-che-si-e-schiantato-a-torino","status":"publish","type":"post","link":"https:\/\/nugnes.com\/?p=526333","title":{"rendered":"Chi \u00e8 Oscar Del Do&#8217;, il pilota ai comandi dell&#8217;aereo delle Frecce Tricolori che si \u00e8 schiantato a Torino"},"content":{"rendered":"<img src=\"https:\/\/staticfanpage.akamaized.net\/wp-content\/uploads\/2023\/09\/oscar-del-do-frecce-tricolori-maggiore-pilota-638x425.jpg\" \/><br \/>\u00c8 il Pony 4 l'aereo delle Frecce Tricolori che si \u00e8 schiantato a Torino causando la morte di una bimba di 5 anni. Ai comandi c'era il Capitano Oscar Del Do' che \u00e8 riuscito a eiettarsi poco prima dell'impatto.<br \/><a href=\"https:\/\/www.fanpage.it\/attualita\/chi-e-oscar-del-do-il-pilota-ai-comandi-dellareo-delle-frecce-tricolori-che-si-e-schiantato-a-torino\/\">Continua a leggere<\/a>","protected":false},"excerpt":{"rendered":"<p>\u00c8 il Pony 4 l&#8217;aereo delle Frecce Tricolori che si \u00e8 schiantato a Torino causando la morte di una bimba di 5 anni. Ai comandi c&#8217;era il Capitano Oscar Del Do&#8217; che \u00e8 riuscito a eiettarsi poco prima dell&#8217;impatto.Continua a leggere<\/p>\n","protected":false},"author":295,"featured_media":0,"comment_status":"closed","ping_status":"closed","sticky":false,"template":"","format":"standard","meta":{"om_disable_all_campaigns":false,"_monsterinsights_skip_tracking":false,"_monsterinsights_sitenote_active":false,"_monsterinsights_sitenote_note":"","_monsterinsights_sitenote_category":0,"footnotes":""},"categories":[745],"tags":[],"class_list":["post-526333","post","type-post","status-publish","format-standard","hentry","category-attualita"],"aioseo_notices":[],"_links":{"self":[{"href":"https:\/\/nugnes.com\/index.php?rest_route=\/wp\/v2\/posts\/526333","targetHints":{"allow":["GET"]}}],"collection":[{"href":"https:\/\/nugnes.com\/index.php?rest_route=\/wp\/v2\/posts"}],"about":[{"href":"https:\/\/nugnes.com\/index.php?rest_route=\/wp\/v2\/types\/post"}],"author":[{"embeddable":true,"href":"https:\/\/nugnes.com\/index.php?rest_route=\/wp\/v2\/users\/295"}],"replies":[{"embeddable":true,"href":"https:\/\/nugnes.com\/index.php?rest_route=%2Fwp%2Fv2%2Fcomments&post=526333"}],"version-history":[{"count":1,"href":"https:\/\/nugnes.com\/index.php?rest_route=\/wp\/v2\/posts\/526333\/revisions"}],"predecessor-version":[{"id":526334,"href":"https:\/\/nugnes.com\/index.php?rest_route=\/wp\/v2\/posts\/526333\/revisions\/526334"}],"wp:attachment":[{"href":"https:\/\/nugnes.com\/index.php?rest_route=%2Fwp%2Fv2%2Fmedia&parent=526333"}],"wp:term":[{"taxonomy":"category","embeddable":true,"href":"https:\/\/nugnes.com\/index.php?rest_route=%2Fwp%2Fv2%2Fcategories&post=526333"},{"taxonomy":"post_tag","embeddable":true,"href":"https:\/\/nugnes.com\/index.php?rest_route=%2Fwp%2Fv2%2Ftags&post=526333"}],"curies":[{"name":"wp","href":"https:\/\/api.w.org\/{rel}","templated":true}]}}