{"id":528192,"date":"2023-09-20T16:39:57","date_gmt":"2023-09-20T16:39:57","guid":{"rendered":"https:\/\/www.fanpage.it\/spettacolo\/?p=190154"},"modified":"2023-09-20T16:39:57","modified_gmt":"2023-09-20T16:39:57","slug":"loredana-lecciso-ero-assente-alla-festa-di-al-bano-a-causa-di-romina-power-un-grande-dispiacere","status":"publish","type":"post","link":"https:\/\/nugnes.com\/?p=528192","title":{"rendered":"Loredana Lecciso: &#8220;Ero assente alla festa di Al Bano a causa di Romina Power, un grande dispiacere&#8221;"},"content":{"rendered":"<img src=\"https:\/\/staticfanpage.akamaized.net\/wp-content\/uploads\/sites\/25\/2023\/09\/loredana-lecciso-e-romina-power-intervista.jpg\" \/><br \/>Loredana Lecciso \u00e8 tornata a parlare del motivo per cui non era presente ai festeggiamenti per gli ottant'anni di Al Bano tenutisi all'Arena di Verona. Poi, si \u00e8 sfogata contro i pregiudizi che da sempre subisce: \"Basta con questa storia del m\u00e9nage \u00e0 trois, sono stanca di passare per la rovina famiglie\".<br \/><a href=\"https:\/\/www.fanpage.it\/spettacolo\/interviste\/loredana-lecciso-ero-assente-alla-festa-di-al-bano-a-causa-di-romina-power-un-grande-dispiacere\/\">Continua a leggere<\/a>","protected":false},"excerpt":{"rendered":"<p>Loredana Lecciso \u00e8 tornata a parlare del motivo per cui non era presente ai festeggiamenti per gli ottant&#8217;anni di Al Bano tenutisi all&#8217;Arena di Verona. Poi, si \u00e8 sfogata contro i pregiudizi che da sempre subisce: &#8220;Basta con questa storia del m\u00e9nage \u00e0 t&#8230;<\/p>\n","protected":false},"author":121,"featured_media":0,"comment_status":"closed","ping_status":"closed","sticky":false,"template":"","format":"standard","meta":{"om_disable_all_campaigns":false,"_monsterinsights_skip_tracking":false,"_monsterinsights_sitenote_active":false,"_monsterinsights_sitenote_note":"","_monsterinsights_sitenote_category":0,"footnotes":""},"categories":[1411],"tags":[],"class_list":["post-528192","post","type-post","status-publish","format-standard","hentry","category-interviste"],"aioseo_notices":[],"_links":{"self":[{"href":"https:\/\/nugnes.com\/index.php?rest_route=\/wp\/v2\/posts\/528192","targetHints":{"allow":["GET"]}}],"collection":[{"href":"https:\/\/nugnes.com\/index.php?rest_route=\/wp\/v2\/posts"}],"about":[{"href":"https:\/\/nugnes.com\/index.php?rest_route=\/wp\/v2\/types\/post"}],"author":[{"embeddable":true,"href":"https:\/\/nugnes.com\/index.php?rest_route=\/wp\/v2\/users\/121"}],"replies":[{"embeddable":true,"href":"https:\/\/nugnes.com\/index.php?rest_route=%2Fwp%2Fv2%2Fcomments&post=528192"}],"version-history":[{"count":1,"href":"https:\/\/nugnes.com\/index.php?rest_route=\/wp\/v2\/posts\/528192\/revisions"}],"predecessor-version":[{"id":528193,"href":"https:\/\/nugnes.com\/index.php?rest_route=\/wp\/v2\/posts\/528192\/revisions\/528193"}],"wp:attachment":[{"href":"https:\/\/nugnes.com\/index.php?rest_route=%2Fwp%2Fv2%2Fmedia&parent=528192"}],"wp:term":[{"taxonomy":"category","embeddable":true,"href":"https:\/\/nugnes.com\/index.php?rest_route=%2Fwp%2Fv2%2Fcategories&post=528192"},{"taxonomy":"post_tag","embeddable":true,"href":"https:\/\/nugnes.com\/index.php?rest_route=%2Fwp%2Fv2%2Ftags&post=528192"}],"curies":[{"name":"wp","href":"https:\/\/api.w.org\/{rel}","templated":true}]}}