{"id":530346,"date":"2023-09-25T12:18:18","date_gmt":"2023-09-25T12:18:18","guid":{"rendered":"https:\/\/www.fanpage.it\/milano\/?p=230145"},"modified":"2023-09-25T12:18:18","modified_gmt":"2023-09-25T12:18:18","slug":"quando-saranno-disponibili-i-vaccini-antinfluenzale-e-per-la-variante-eris-del-covid-in-lombardia-le-date","status":"publish","type":"post","link":"https:\/\/nugnes.com\/?p=530346","title":{"rendered":"Quando saranno disponibili i vaccini antinfluenzale e per la variante Eris del Covid in Lombardia: le date"},"content":{"rendered":"<img src=\"https:\/\/staticfanpage.akamaized.net\/wp-content\/uploads\/sites\/29\/2021\/03\/12196021_large-638x425.jpg\" \/><br \/>L'1 ottobre si aprir\u00e0 in Lombardia la campagna di vaccinazione antinfluenzale 2023\/2024. Al vax-day sar\u00e0 possibile accedere solo su prenotazione e coinvolger\u00e0 per primi i soggetti pi\u00f9 fragili. In arrivo anche le nuove dosi del vaccino anti-Covid aggiornate alle ultime varianti attualmente in circolazione.<br \/><a href=\"https:\/\/www.fanpage.it\/milano\/quando-saranno-disponibili-i-vaccini-antinfluenzale-e-per-la-variante-eris-del-covid-in-lombardia-le-date\/\">Continua a leggere<\/a>","protected":false},"excerpt":{"rendered":"<p>L&#8217;1 ottobre si aprir\u00e0 in Lombardia la campagna di vaccinazione antinfluenzale 2023\/2024. Al vax-day sar\u00e0 possibile accedere solo su prenotazione e coinvolger\u00e0 per primi i soggetti pi\u00f9 fragili. In arrivo anche le nuove dosi del vaccino anti-Covid aggior&#8230;<\/p>\n","protected":false},"author":424,"featured_media":0,"comment_status":"closed","ping_status":"closed","sticky":false,"template":"","format":"standard","meta":{"om_disable_all_campaigns":false,"_monsterinsights_skip_tracking":false,"_monsterinsights_sitenote_active":false,"_monsterinsights_sitenote_note":"","_monsterinsights_sitenote_category":0,"footnotes":""},"categories":[745,10,236],"tags":[],"class_list":["post-530346","post","type-post","status-publish","format-standard","hentry","category-attualita","category-cronaca","category-lombardia"],"aioseo_notices":[],"_links":{"self":[{"href":"https:\/\/nugnes.com\/index.php?rest_route=\/wp\/v2\/posts\/530346","targetHints":{"allow":["GET"]}}],"collection":[{"href":"https:\/\/nugnes.com\/index.php?rest_route=\/wp\/v2\/posts"}],"about":[{"href":"https:\/\/nugnes.com\/index.php?rest_route=\/wp\/v2\/types\/post"}],"author":[{"embeddable":true,"href":"https:\/\/nugnes.com\/index.php?rest_route=\/wp\/v2\/users\/424"}],"replies":[{"embeddable":true,"href":"https:\/\/nugnes.com\/index.php?rest_route=%2Fwp%2Fv2%2Fcomments&post=530346"}],"version-history":[{"count":1,"href":"https:\/\/nugnes.com\/index.php?rest_route=\/wp\/v2\/posts\/530346\/revisions"}],"predecessor-version":[{"id":530347,"href":"https:\/\/nugnes.com\/index.php?rest_route=\/wp\/v2\/posts\/530346\/revisions\/530347"}],"wp:attachment":[{"href":"https:\/\/nugnes.com\/index.php?rest_route=%2Fwp%2Fv2%2Fmedia&parent=530346"}],"wp:term":[{"taxonomy":"category","embeddable":true,"href":"https:\/\/nugnes.com\/index.php?rest_route=%2Fwp%2Fv2%2Fcategories&post=530346"},{"taxonomy":"post_tag","embeddable":true,"href":"https:\/\/nugnes.com\/index.php?rest_route=%2Fwp%2Fv2%2Ftags&post=530346"}],"curies":[{"name":"wp","href":"https:\/\/api.w.org\/{rel}","templated":true}]}}