{"id":530443,"date":"2023-09-25T14:31:11","date_gmt":"2023-09-25T14:31:11","guid":{"rendered":"https:\/\/www.fanpage.it\/?p=1933228"},"modified":"2023-09-25T14:31:11","modified_gmt":"2023-09-25T14:31:11","slug":"cresce-il-prezzo-del-caffe-al-bar-la-classifica-delle-citta-italiane-dove-costa-di-piu","status":"publish","type":"post","link":"https:\/\/nugnes.com\/?p=530443","title":{"rendered":"Cresce il prezzo del caff\u00e8 al bar: la classifica delle citt\u00e0 italiane dove costa di pi\u00f9"},"content":{"rendered":"<img src=\"https:\/\/staticfanpage.akamaized.net\/socialmediafanpage\/wp-content\/uploads\/2013\/11\/caffe-costo-300x225.jpg\" \/><br \/>Pausa caff\u00e8 sempre pi\u00f9 cara per gli italiani. Rispetto al 2021 il costo dell'espresso \u00e8 aumentato di circa 720 milioni di euro all\u2019anno. Lo ha denunciato l'associazione dei consumatori Assoutenti, che ha pubblicato una lista delle citt\u00e0 dove bere il caff\u00e8 costa di pi\u00f9. Ecco quali sono.<br \/><a href=\"https:\/\/www.fanpage.it\/attualita\/cresce-il-prezzo-del-caffe-al-bar-la-classifica-delle-citta-italiane-dove-costa-di-piu\/\">Continua a leggere<\/a>","protected":false},"excerpt":{"rendered":"<p>Pausa caff\u00e8 sempre pi\u00f9 cara per gli italiani. Rispetto al 2021 il costo dell&#8217;espresso \u00e8 aumentato di circa 720 milioni di euro all\u2019anno. Lo ha denunciato l&#8217;associazione dei consumatori Assoutenti, che ha pubblicato una lista delle citt\u00e0 dove bere il ca&#8230;<\/p>\n","protected":false},"author":554,"featured_media":0,"comment_status":"closed","ping_status":"closed","sticky":false,"template":"","format":"standard","meta":{"om_disable_all_campaigns":false,"_monsterinsights_skip_tracking":false,"_monsterinsights_sitenote_active":false,"_monsterinsights_sitenote_note":"","_monsterinsights_sitenote_category":0,"footnotes":""},"categories":[745],"tags":[],"class_list":["post-530443","post","type-post","status-publish","format-standard","hentry","category-attualita"],"aioseo_notices":[],"_links":{"self":[{"href":"https:\/\/nugnes.com\/index.php?rest_route=\/wp\/v2\/posts\/530443","targetHints":{"allow":["GET"]}}],"collection":[{"href":"https:\/\/nugnes.com\/index.php?rest_route=\/wp\/v2\/posts"}],"about":[{"href":"https:\/\/nugnes.com\/index.php?rest_route=\/wp\/v2\/types\/post"}],"author":[{"embeddable":true,"href":"https:\/\/nugnes.com\/index.php?rest_route=\/wp\/v2\/users\/554"}],"replies":[{"embeddable":true,"href":"https:\/\/nugnes.com\/index.php?rest_route=%2Fwp%2Fv2%2Fcomments&post=530443"}],"version-history":[{"count":1,"href":"https:\/\/nugnes.com\/index.php?rest_route=\/wp\/v2\/posts\/530443\/revisions"}],"predecessor-version":[{"id":530444,"href":"https:\/\/nugnes.com\/index.php?rest_route=\/wp\/v2\/posts\/530443\/revisions\/530444"}],"wp:attachment":[{"href":"https:\/\/nugnes.com\/index.php?rest_route=%2Fwp%2Fv2%2Fmedia&parent=530443"}],"wp:term":[{"taxonomy":"category","embeddable":true,"href":"https:\/\/nugnes.com\/index.php?rest_route=%2Fwp%2Fv2%2Fcategories&post=530443"},{"taxonomy":"post_tag","embeddable":true,"href":"https:\/\/nugnes.com\/index.php?rest_route=%2Fwp%2Fv2%2Ftags&post=530443"}],"curies":[{"name":"wp","href":"https:\/\/api.w.org\/{rel}","templated":true}]}}