{"id":534867,"date":"2023-10-04T10:53:29","date_gmt":"2023-10-04T10:53:29","guid":{"rendered":"https:\/\/www.fanpage.it\/spettacolo\/?p=194746"},"modified":"2023-10-04T10:53:29","modified_gmt":"2023-10-04T10:53:29","slug":"fedez-giudice-di-x-factor-fino-al-26-ottobre-nelle-puntate-registrate-ce-incognita-primo-live","status":"publish","type":"post","link":"https:\/\/nugnes.com\/?p=534867","title":{"rendered":"Fedez giudice di X Factor fino al 26 ottobre nelle puntate registrate, c&#8217;\u00e8 incognita primo live"},"content":{"rendered":"<img src=\"https:\/\/staticfanpage.akamaized.net\/wp-content\/uploads\/sites\/25\/2023\/10\/XF2023_PhVirginiaBettoja_EV_8537-1696413259106-300x225.jpg\" \/><br \/>Mentre Fedez sembra migliorare dopo le due emorragie interne che l'hanno costretto a un'operazione d'urgenza, ci\u00f2 che si sa al momento \u00e8 che rester\u00e0 ricoverato all'ospedale Sacco di Milano almeno fino a settimana prossima. Cosa accadr\u00e0 alla scrivania di X Factor 2023? L'eventuale nodo si potrebbe verificare solo dal 26 ottobre in poi.<br \/><a href=\"https:\/\/www.fanpage.it\/spettacolo\/programmi-tv\/fedez-giudice-di-x-factor-fino-al-26-ottobre-nelle-puntate-registrate-ce-incognita-primo-live\/\">Continua a leggere<\/a>","protected":false},"excerpt":{"rendered":"<p>Mentre Fedez sembra migliorare dopo le due emorragie interne che l&#8217;hanno costretto a un&#8217;operazione d&#8217;urgenza, ci\u00f2 che si sa al momento \u00e8 che rester\u00e0 ricoverato all&#8217;ospedale Sacco di Milano almeno fino a settimana prossima. Cosa accadr\u00e0 alla scrivania d&#8230;<\/p>\n","protected":false},"author":244,"featured_media":0,"comment_status":"closed","ping_status":"closed","sticky":false,"template":"","format":"standard","meta":{"om_disable_all_campaigns":false,"_monsterinsights_skip_tracking":false,"_monsterinsights_sitenote_active":false,"_monsterinsights_sitenote_note":"","_monsterinsights_sitenote_category":0,"footnotes":""},"categories":[752],"tags":[],"class_list":["post-534867","post","type-post","status-publish","format-standard","hentry","category-programmi-tv"],"aioseo_notices":[],"_links":{"self":[{"href":"https:\/\/nugnes.com\/index.php?rest_route=\/wp\/v2\/posts\/534867","targetHints":{"allow":["GET"]}}],"collection":[{"href":"https:\/\/nugnes.com\/index.php?rest_route=\/wp\/v2\/posts"}],"about":[{"href":"https:\/\/nugnes.com\/index.php?rest_route=\/wp\/v2\/types\/post"}],"author":[{"embeddable":true,"href":"https:\/\/nugnes.com\/index.php?rest_route=\/wp\/v2\/users\/244"}],"replies":[{"embeddable":true,"href":"https:\/\/nugnes.com\/index.php?rest_route=%2Fwp%2Fv2%2Fcomments&post=534867"}],"version-history":[{"count":1,"href":"https:\/\/nugnes.com\/index.php?rest_route=\/wp\/v2\/posts\/534867\/revisions"}],"predecessor-version":[{"id":534868,"href":"https:\/\/nugnes.com\/index.php?rest_route=\/wp\/v2\/posts\/534867\/revisions\/534868"}],"wp:attachment":[{"href":"https:\/\/nugnes.com\/index.php?rest_route=%2Fwp%2Fv2%2Fmedia&parent=534867"}],"wp:term":[{"taxonomy":"category","embeddable":true,"href":"https:\/\/nugnes.com\/index.php?rest_route=%2Fwp%2Fv2%2Fcategories&post=534867"},{"taxonomy":"post_tag","embeddable":true,"href":"https:\/\/nugnes.com\/index.php?rest_route=%2Fwp%2Fv2%2Ftags&post=534867"}],"curies":[{"name":"wp","href":"https:\/\/api.w.org\/{rel}","templated":true}]}}