{"id":535221,"date":"2023-10-05T07:58:31","date_gmt":"2023-10-05T07:58:31","guid":{"rendered":"https:\/\/www.fanpage.it\/stile-e-trend\/?p=142224"},"modified":"2023-10-05T07:58:31","modified_gmt":"2023-10-05T07:58:31","slug":"dove-e-stata-girata-blanca-2-le-location-della-fiction-di-rai-1","status":"publish","type":"post","link":"https:\/\/nugnes.com\/?p=535221","title":{"rendered":"Dove \u00e8 stata girata Blanca 2: le location della fiction di Rai 1"},"content":{"rendered":"<img src=\"https:\/\/staticfanpage.akamaized.net\/wp-content\/uploads\/sites\/33\/2023\/10\/blanca-maria-chiara-giannetta-location-seconda-stagione-638x425.jpg\" \/><br \/>Blanca 2, la fiction che vede Maria Chiara Giannetta nei panni di protagonista, \u00e8 tornata e va in onda su Rai 1 a partire dal 5 ottobre 2023. A fare da sfondo alle avventure della protagonista \u00e8 principalmente la citt\u00e0 di Genova: ecco dove \u00e8 stata girata la nuova stagione.<br \/><a href=\"https:\/\/www.fanpage.it\/stile-e-trend\/viaggi\/dove-e-stata-girata-blanca-2-le-location-della-fiction-di-rai-1\/\">Continua a leggere<\/a>","protected":false},"excerpt":{"rendered":"<p>Blanca 2, la fiction che vede Maria Chiara Giannetta nei panni di protagonista, \u00e8 tornata e va in onda su Rai 1 a partire dal 5 ottobre 2023. A fare da sfondo alle avventure della protagonista \u00e8 principalmente la citt\u00e0 di Genova: ecco dove \u00e8 stata gira&#8230;<\/p>\n","protected":false},"author":127,"featured_media":0,"comment_status":"closed","ping_status":"closed","sticky":false,"template":"","format":"standard","meta":{"om_disable_all_campaigns":false,"_monsterinsights_skip_tracking":false,"_monsterinsights_sitenote_active":false,"_monsterinsights_sitenote_note":"","_monsterinsights_sitenote_category":0,"footnotes":""},"categories":[491],"tags":[],"class_list":["post-535221","post","type-post","status-publish","format-standard","hentry","category-viaggi"],"aioseo_notices":[],"_links":{"self":[{"href":"https:\/\/nugnes.com\/index.php?rest_route=\/wp\/v2\/posts\/535221","targetHints":{"allow":["GET"]}}],"collection":[{"href":"https:\/\/nugnes.com\/index.php?rest_route=\/wp\/v2\/posts"}],"about":[{"href":"https:\/\/nugnes.com\/index.php?rest_route=\/wp\/v2\/types\/post"}],"author":[{"embeddable":true,"href":"https:\/\/nugnes.com\/index.php?rest_route=\/wp\/v2\/users\/127"}],"replies":[{"embeddable":true,"href":"https:\/\/nugnes.com\/index.php?rest_route=%2Fwp%2Fv2%2Fcomments&post=535221"}],"version-history":[{"count":1,"href":"https:\/\/nugnes.com\/index.php?rest_route=\/wp\/v2\/posts\/535221\/revisions"}],"predecessor-version":[{"id":535222,"href":"https:\/\/nugnes.com\/index.php?rest_route=\/wp\/v2\/posts\/535221\/revisions\/535222"}],"wp:attachment":[{"href":"https:\/\/nugnes.com\/index.php?rest_route=%2Fwp%2Fv2%2Fmedia&parent=535221"}],"wp:term":[{"taxonomy":"category","embeddable":true,"href":"https:\/\/nugnes.com\/index.php?rest_route=%2Fwp%2Fv2%2Fcategories&post=535221"},{"taxonomy":"post_tag","embeddable":true,"href":"https:\/\/nugnes.com\/index.php?rest_route=%2Fwp%2Fv2%2Ftags&post=535221"}],"curies":[{"name":"wp","href":"https:\/\/api.w.org\/{rel}","templated":true}]}}