{"id":535295,"date":"2023-10-05T10:21:56","date_gmt":"2023-10-05T10:21:56","guid":{"rendered":"https:\/\/www.fanpage.it\/?p=1941133"},"modified":"2023-10-05T10:21:56","modified_gmt":"2023-10-05T10:21:56","slug":"chi-e-armita-garawand-la-16enne-ridotta-in-coma-dalla-polizia-in-iran-perche-non-indossava-il-velo","status":"publish","type":"post","link":"https:\/\/nugnes.com\/?p=535295","title":{"rendered":"Chi \u00e8 Armita Garawand, la 16enne ridotta in coma dalla polizia in Iran perch\u00e9 non indossava il velo"},"content":{"rendered":"<img src=\"https:\/\/staticfanpage.akamaized.net\/wp-content\/uploads\/2023\/10\/F7hQsuLWYAAhxCE-1696500422512-638x425.jpeg\" \/><br \/>Armita Garawand, 16 anni, \u00e8 attualmente ricoverata in ospedale a Teheran e la sua stanza \u00e8 sorvegliata giorno e notte dalla polizia. La ragazzina sarebbe stata picchiata e ridotta in fin di vita perch\u00e9 non indossava il velo.<br \/><a href=\"https:\/\/www.fanpage.it\/esteri\/chi-e-armita-garawand-la-16enne-ridotta-in-coma-dalla-polizia-in-iran-perche-non-indossava-il-velo\/\">Continua a leggere<\/a>","protected":false},"excerpt":{"rendered":"<p>Armita Garawand, 16 anni, \u00e8 attualmente ricoverata in ospedale a Teheran e la sua stanza \u00e8 sorvegliata giorno e notte dalla polizia. La ragazzina sarebbe stata picchiata e ridotta in fin di vita perch\u00e9 non indossava il velo.Continua a leggere<\/p>\n","protected":false},"author":210,"featured_media":0,"comment_status":"closed","ping_status":"closed","sticky":false,"template":"","format":"standard","meta":{"om_disable_all_campaigns":false,"_monsterinsights_skip_tracking":false,"_monsterinsights_sitenote_active":false,"_monsterinsights_sitenote_note":"","_monsterinsights_sitenote_category":0,"footnotes":""},"categories":[20],"tags":[],"class_list":["post-535295","post","type-post","status-publish","format-standard","hentry","category-esteri"],"aioseo_notices":[],"_links":{"self":[{"href":"https:\/\/nugnes.com\/index.php?rest_route=\/wp\/v2\/posts\/535295","targetHints":{"allow":["GET"]}}],"collection":[{"href":"https:\/\/nugnes.com\/index.php?rest_route=\/wp\/v2\/posts"}],"about":[{"href":"https:\/\/nugnes.com\/index.php?rest_route=\/wp\/v2\/types\/post"}],"author":[{"embeddable":true,"href":"https:\/\/nugnes.com\/index.php?rest_route=\/wp\/v2\/users\/210"}],"replies":[{"embeddable":true,"href":"https:\/\/nugnes.com\/index.php?rest_route=%2Fwp%2Fv2%2Fcomments&post=535295"}],"version-history":[{"count":1,"href":"https:\/\/nugnes.com\/index.php?rest_route=\/wp\/v2\/posts\/535295\/revisions"}],"predecessor-version":[{"id":535296,"href":"https:\/\/nugnes.com\/index.php?rest_route=\/wp\/v2\/posts\/535295\/revisions\/535296"}],"wp:attachment":[{"href":"https:\/\/nugnes.com\/index.php?rest_route=%2Fwp%2Fv2%2Fmedia&parent=535295"}],"wp:term":[{"taxonomy":"category","embeddable":true,"href":"https:\/\/nugnes.com\/index.php?rest_route=%2Fwp%2Fv2%2Fcategories&post=535295"},{"taxonomy":"post_tag","embeddable":true,"href":"https:\/\/nugnes.com\/index.php?rest_route=%2Fwp%2Fv2%2Ftags&post=535295"}],"curies":[{"name":"wp","href":"https:\/\/api.w.org\/{rel}","templated":true}]}}