{"id":535321,"date":"2023-10-05T09:51:18","date_gmt":"2023-10-05T09:51:18","guid":{"rendered":"https:\/\/www.fanpage.it\/?p=1941173"},"modified":"2023-10-05T09:51:18","modified_gmt":"2023-10-05T09:51:18","slug":"salario-minimo-scotto-pd-a-fanpage-cnel-conta-laula-la-destra-dica-perche-vuole-paghe-da-fame","status":"publish","type":"post","link":"https:\/\/nugnes.com\/?p=535321","title":{"rendered":"Salario minimo, Scotto (Pd) a Fanpage: &#8220;Cnel? Conta l&#8217;Aula, la destra dica perch\u00e9 vuole paghe da fame&#8221;"},"content":{"rendered":"<img src=\"https:\/\/staticfanpage.akamaized.net\/wp-content\/uploads\/2023\/10\/scotto-300x225.jpg\" \/><br \/>Arturo Scotto, capogruppo del Pd in commissione Lavoro alla Camera, ha risposto alle domande di Fanpage.it sulla relazione del Cnel relativa alla proposta di salario minimo: \"Il 17 ottobre il ddl torna in Aula e non si pu\u00f2 pi\u00f9 scherzare, l\u00ec la destra ci dir\u00e0 di s\u00ec o di no\".<br \/><a href=\"https:\/\/www.fanpage.it\/politica\/salario-minimo-scotto-pd-a-fanpage-cnel-conta-laula-la-destra-dica-perche-vuole-paghe-da-fame\/\">Continua a leggere<\/a>","protected":false},"excerpt":{"rendered":"<p>Arturo Scotto, capogruppo del Pd in commissione Lavoro alla Camera, ha risposto alle domande di Fanpage.it sulla relazione del Cnel relativa alla proposta di salario minimo: &#8220;Il 17 ottobre il ddl torna in Aula e non si pu\u00f2 pi\u00f9 scherzare, l\u00ec la destra c&#8230;<\/p>\n","protected":false},"author":425,"featured_media":0,"comment_status":"closed","ping_status":"closed","sticky":false,"template":"","format":"standard","meta":{"om_disable_all_campaigns":false,"_monsterinsights_skip_tracking":false,"_monsterinsights_sitenote_active":false,"_monsterinsights_sitenote_note":"","_monsterinsights_sitenote_category":0,"footnotes":""},"categories":[748],"tags":[],"class_list":["post-535321","post","type-post","status-publish","format-standard","hentry","category-politica-italiana"],"aioseo_notices":[],"_links":{"self":[{"href":"https:\/\/nugnes.com\/index.php?rest_route=\/wp\/v2\/posts\/535321","targetHints":{"allow":["GET"]}}],"collection":[{"href":"https:\/\/nugnes.com\/index.php?rest_route=\/wp\/v2\/posts"}],"about":[{"href":"https:\/\/nugnes.com\/index.php?rest_route=\/wp\/v2\/types\/post"}],"author":[{"embeddable":true,"href":"https:\/\/nugnes.com\/index.php?rest_route=\/wp\/v2\/users\/425"}],"replies":[{"embeddable":true,"href":"https:\/\/nugnes.com\/index.php?rest_route=%2Fwp%2Fv2%2Fcomments&post=535321"}],"version-history":[{"count":1,"href":"https:\/\/nugnes.com\/index.php?rest_route=\/wp\/v2\/posts\/535321\/revisions"}],"predecessor-version":[{"id":535322,"href":"https:\/\/nugnes.com\/index.php?rest_route=\/wp\/v2\/posts\/535321\/revisions\/535322"}],"wp:attachment":[{"href":"https:\/\/nugnes.com\/index.php?rest_route=%2Fwp%2Fv2%2Fmedia&parent=535321"}],"wp:term":[{"taxonomy":"category","embeddable":true,"href":"https:\/\/nugnes.com\/index.php?rest_route=%2Fwp%2Fv2%2Fcategories&post=535321"},{"taxonomy":"post_tag","embeddable":true,"href":"https:\/\/nugnes.com\/index.php?rest_route=%2Fwp%2Fv2%2Ftags&post=535321"}],"curies":[{"name":"wp","href":"https:\/\/api.w.org\/{rel}","templated":true}]}}