{"id":535398,"date":"2023-10-05T10:35:02","date_gmt":"2023-10-05T10:35:02","guid":{"rendered":"https:\/\/www.fanpage.it\/milano\/?p=232466"},"modified":"2023-10-05T10:35:02","modified_gmt":"2023-10-05T10:35:02","slug":"con-mollica-o-senza-apre-domani-a-milano-orari-menu-e-prezzi-dei-panini","status":"publish","type":"post","link":"https:\/\/nugnes.com\/?p=535398","title":{"rendered":"Con Mollica o Senza apre domani a Milano: orari, men\u00f9 e prezzi dei panini"},"content":{"rendered":"<img src=\"https:\/\/staticfanpage.akamaized.net\/wp-content\/uploads\/sites\/29\/2023\/08\/con-o-senza-mollica-donato-de-caprio-638x425.jpg\" \/><br \/>\"Con Mollica o Senza\" di Donato De Caprio sorger\u00e0 in piazza Diaz, a due passi dal Duomo. L'inaugurazione \u00e8 prevista per venerd\u00ec 6 ottobre: dalle 18 ci sar\u00e0 un buffet gratuito aperto a tutti.<br \/><a href=\"https:\/\/www.fanpage.it\/milano\/con-mollica-o-senza-apre-domani-a-milano-orari-menu-e-prezzi-dei-panini\/\">Continua a leggere<\/a>","protected":false},"excerpt":{"rendered":"<p>&#8220;Con Mollica o Senza&#8221; di Donato De Caprio sorger\u00e0 in piazza Diaz, a due passi dal Duomo. L&#8217;inaugurazione \u00e8 prevista per venerd\u00ec 6 ottobre: dalle 18 ci sar\u00e0 un buffet gratuito aperto a tutti.Continua a leggere<\/p>\n","protected":false},"author":296,"featured_media":0,"comment_status":"closed","ping_status":"closed","sticky":false,"template":"","format":"standard","meta":{"om_disable_all_campaigns":false,"_monsterinsights_skip_tracking":false,"_monsterinsights_sitenote_active":false,"_monsterinsights_sitenote_note":"","_monsterinsights_sitenote_category":0,"footnotes":""},"categories":[745,10],"tags":[],"class_list":["post-535398","post","type-post","status-publish","format-standard","hentry","category-attualita","category-cronaca"],"aioseo_notices":[],"_links":{"self":[{"href":"https:\/\/nugnes.com\/index.php?rest_route=\/wp\/v2\/posts\/535398","targetHints":{"allow":["GET"]}}],"collection":[{"href":"https:\/\/nugnes.com\/index.php?rest_route=\/wp\/v2\/posts"}],"about":[{"href":"https:\/\/nugnes.com\/index.php?rest_route=\/wp\/v2\/types\/post"}],"author":[{"embeddable":true,"href":"https:\/\/nugnes.com\/index.php?rest_route=\/wp\/v2\/users\/296"}],"replies":[{"embeddable":true,"href":"https:\/\/nugnes.com\/index.php?rest_route=%2Fwp%2Fv2%2Fcomments&post=535398"}],"version-history":[{"count":1,"href":"https:\/\/nugnes.com\/index.php?rest_route=\/wp\/v2\/posts\/535398\/revisions"}],"predecessor-version":[{"id":535399,"href":"https:\/\/nugnes.com\/index.php?rest_route=\/wp\/v2\/posts\/535398\/revisions\/535399"}],"wp:attachment":[{"href":"https:\/\/nugnes.com\/index.php?rest_route=%2Fwp%2Fv2%2Fmedia&parent=535398"}],"wp:term":[{"taxonomy":"category","embeddable":true,"href":"https:\/\/nugnes.com\/index.php?rest_route=%2Fwp%2Fv2%2Fcategories&post=535398"},{"taxonomy":"post_tag","embeddable":true,"href":"https:\/\/nugnes.com\/index.php?rest_route=%2Fwp%2Fv2%2Ftags&post=535398"}],"curies":[{"name":"wp","href":"https:\/\/api.w.org\/{rel}","templated":true}]}}