{"id":536493,"date":"2023-10-07T14:00:20","date_gmt":"2023-10-07T14:00:20","guid":{"rendered":"https:\/\/www.fanpage.it\/spettacolo\/?p=195864"},"modified":"2023-10-07T14:00:20","modified_gmt":"2023-10-07T14:00:20","slug":"e-nata-la-figlia-di-neymar-e-bruna-biancardi-benvenuta-mavie-grazie-per-averci-scelto","status":"publish","type":"post","link":"https:\/\/nugnes.com\/?p=536493","title":{"rendered":"\u00c8 nata la figlia di Neymar e Bruna Biancardi: &#8220;Benvenuta Mavie, grazie per averci scelto&#8221;"},"content":{"rendered":"<img src=\"https:\/\/staticfanpage.akamaized.net\/wp-content\/uploads\/sites\/25\/2023\/10\/neymar-300x225.jpeg\" \/><br \/>\u00c8 nata la prima figlia in comune tra la modella e il calciatore brasiliano, gi\u00e0 pap\u00e0 di un figlio. Un momento di ritrovata pace, a quanto pare, per la coppia, che nell\u2019ultimo anno ha attraversato un periodo turbolento per via delle dichiarazioni di Fernanda Campos, influencer che ha raccontato i tradimenti del calciatore.<br \/><a href=\"https:\/\/www.fanpage.it\/spettacolo\/gossip\/e-nata-la-figlia-di-neymar-e-bruna-biancardi-benvenuta-mavie-grazie-per-averci-scelto\/\">Continua a leggere<\/a>","protected":false},"excerpt":{"rendered":"<p>\u00c8 nata la prima figlia in comune tra la modella e il calciatore brasiliano, gi\u00e0 pap\u00e0 di un figlio. Un momento di ritrovata pace, a quanto pare, per la coppia, che nell\u2019ultimo anno ha attraversato un periodo turbolento per via delle dichiarazioni di Fer&#8230;<\/p>\n","protected":false},"author":192,"featured_media":0,"comment_status":"closed","ping_status":"closed","sticky":false,"template":"","format":"standard","meta":{"om_disable_all_campaigns":false,"_monsterinsights_skip_tracking":false,"_monsterinsights_sitenote_active":false,"_monsterinsights_sitenote_note":"","_monsterinsights_sitenote_category":0,"footnotes":""},"categories":[1393],"tags":[],"class_list":["post-536493","post","type-post","status-publish","format-standard","hentry","category-gossip"],"aioseo_notices":[],"_links":{"self":[{"href":"https:\/\/nugnes.com\/index.php?rest_route=\/wp\/v2\/posts\/536493","targetHints":{"allow":["GET"]}}],"collection":[{"href":"https:\/\/nugnes.com\/index.php?rest_route=\/wp\/v2\/posts"}],"about":[{"href":"https:\/\/nugnes.com\/index.php?rest_route=\/wp\/v2\/types\/post"}],"author":[{"embeddable":true,"href":"https:\/\/nugnes.com\/index.php?rest_route=\/wp\/v2\/users\/192"}],"replies":[{"embeddable":true,"href":"https:\/\/nugnes.com\/index.php?rest_route=%2Fwp%2Fv2%2Fcomments&post=536493"}],"version-history":[{"count":1,"href":"https:\/\/nugnes.com\/index.php?rest_route=\/wp\/v2\/posts\/536493\/revisions"}],"predecessor-version":[{"id":536494,"href":"https:\/\/nugnes.com\/index.php?rest_route=\/wp\/v2\/posts\/536493\/revisions\/536494"}],"wp:attachment":[{"href":"https:\/\/nugnes.com\/index.php?rest_route=%2Fwp%2Fv2%2Fmedia&parent=536493"}],"wp:term":[{"taxonomy":"category","embeddable":true,"href":"https:\/\/nugnes.com\/index.php?rest_route=%2Fwp%2Fv2%2Fcategories&post=536493"},{"taxonomy":"post_tag","embeddable":true,"href":"https:\/\/nugnes.com\/index.php?rest_route=%2Fwp%2Fv2%2Ftags&post=536493"}],"curies":[{"name":"wp","href":"https:\/\/api.w.org\/{rel}","templated":true}]}}