{"id":537403,"date":"2023-10-09T18:41:35","date_gmt":"2023-10-09T18:41:35","guid":{"rendered":"https:\/\/www.fanpage.it\/milano\/?p=233612"},"modified":"2023-10-09T18:41:35","modified_gmt":"2023-10-09T18:41:35","slug":"non-puo-assistere-al-concerto-di-taylor-swift-perche-disabile-35enne-proietta-il-suo-appello-a-times-square","status":"publish","type":"post","link":"https:\/\/nugnes.com\/?p=537403","title":{"rendered":"Non pu\u00f2 assistere al concerto di Taylor Swift perch\u00e9 disabile, 35enne proietta il suo appello a Times Square"},"content":{"rendered":"<img src=\"https:\/\/staticfanpage.akamaized.net\/wp-content\/uploads\/sites\/29\/2023\/10\/silvia-Stoyanova-taylor-swift-times-square-new-york-638x425.jpg\" \/><br \/>Silvia Stoyanova aveva raccontato che non potr\u00e0 assistere al concerto di Taylor Swift a San Siro perch\u00e9 i posti per le persone con disabilit\u00e0 erano terminati. La 35enne ha prima raccolto firme e fondi online, e poi ha proiettato il suo appello a Times Square, al centro di New York.<br \/><a href=\"https:\/\/www.fanpage.it\/milano\/non-puo-assistere-al-concerto-di-taylor-swift-perche-disabile-35enne-proietta-il-suo-appello-a-times-square\/\">Continua a leggere<\/a>","protected":false},"excerpt":{"rendered":"<p>Silvia Stoyanova aveva raccontato che non potr\u00e0 assistere al concerto di Taylor Swift a San Siro perch\u00e9 i posti per le persone con disabilit\u00e0 erano terminati. La 35enne ha prima raccolto firme e fondi online, e poi ha proiettato il suo appello a Times &#8230;<\/p>\n","protected":false},"author":295,"featured_media":0,"comment_status":"closed","ping_status":"closed","sticky":false,"template":"","format":"standard","meta":{"om_disable_all_campaigns":false,"_monsterinsights_skip_tracking":false,"_monsterinsights_sitenote_active":false,"_monsterinsights_sitenote_note":"","_monsterinsights_sitenote_category":0,"footnotes":""},"categories":[745,10],"tags":[],"class_list":["post-537403","post","type-post","status-publish","format-standard","hentry","category-attualita","category-cronaca"],"aioseo_notices":[],"_links":{"self":[{"href":"https:\/\/nugnes.com\/index.php?rest_route=\/wp\/v2\/posts\/537403","targetHints":{"allow":["GET"]}}],"collection":[{"href":"https:\/\/nugnes.com\/index.php?rest_route=\/wp\/v2\/posts"}],"about":[{"href":"https:\/\/nugnes.com\/index.php?rest_route=\/wp\/v2\/types\/post"}],"author":[{"embeddable":true,"href":"https:\/\/nugnes.com\/index.php?rest_route=\/wp\/v2\/users\/295"}],"replies":[{"embeddable":true,"href":"https:\/\/nugnes.com\/index.php?rest_route=%2Fwp%2Fv2%2Fcomments&post=537403"}],"version-history":[{"count":1,"href":"https:\/\/nugnes.com\/index.php?rest_route=\/wp\/v2\/posts\/537403\/revisions"}],"predecessor-version":[{"id":537404,"href":"https:\/\/nugnes.com\/index.php?rest_route=\/wp\/v2\/posts\/537403\/revisions\/537404"}],"wp:attachment":[{"href":"https:\/\/nugnes.com\/index.php?rest_route=%2Fwp%2Fv2%2Fmedia&parent=537403"}],"wp:term":[{"taxonomy":"category","embeddable":true,"href":"https:\/\/nugnes.com\/index.php?rest_route=%2Fwp%2Fv2%2Fcategories&post=537403"},{"taxonomy":"post_tag","embeddable":true,"href":"https:\/\/nugnes.com\/index.php?rest_route=%2Fwp%2Fv2%2Ftags&post=537403"}],"curies":[{"name":"wp","href":"https:\/\/api.w.org\/{rel}","templated":true}]}}