{"id":541314,"date":"2023-10-17T20:11:46","date_gmt":"2023-10-17T20:11:46","guid":{"rendered":"https:\/\/www.fanpage.it\/?p=1950969"},"modified":"2023-10-17T20:11:46","modified_gmt":"2023-10-17T20:11:46","slug":"gasparri-fi-taglio-canone-rai-compensato-con-altre-tasse-si-poteva-dire-la-verita-agli-italiani","status":"publish","type":"post","link":"https:\/\/nugnes.com\/?p=541314","title":{"rendered":"Gasparri (FI): &#8220;Taglio canone Rai compensato con altre tasse, si poteva dire la verit\u00e0 agli italiani&#8221;"},"content":{"rendered":"<img src=\"https:\/\/staticfanpage.akamaized.net\/wp-content\/uploads\/2023\/10\/21430152_small-300x225.jpg\" \/><br \/>Il taglio del canone Rai da 90 a 70 euro nel 2024 porter\u00e0 a una perdita da 440 milioni di euro per la tv pubblica, ma lo Stato la compenser\u00e0 con la fiscalit\u00e0 generale. Secondo Maurizio Gasparri, senatore di Forza Italia, \u00e8 stata una mossa fatta \"per raccontarla agli amici al bar\", senza effetti concreti: \"Si poteva anche forse dire la verit\u00e0 agli italiani\".<br \/><a href=\"https:\/\/www.fanpage.it\/politica\/gasparri-fi-taglio-canone-rai-compensato-con-altre-tasse-si-poteva-dire-la-verita-agli-italiani\/\">Continua a leggere<\/a>","protected":false},"excerpt":{"rendered":"<p>Il taglio del canone Rai da 90 a 70 euro nel 2024 porter\u00e0 a una perdita da 440 milioni di euro per la tv pubblica, ma lo Stato la compenser\u00e0 con la fiscalit\u00e0 generale. Secondo Maurizio Gasparri, senatore di Forza Italia, \u00e8 stata una mossa fatta &#8220;per ra&#8230;<\/p>\n","protected":false},"author":425,"featured_media":0,"comment_status":"closed","ping_status":"closed","sticky":false,"template":"","format":"standard","meta":{"om_disable_all_campaigns":false,"_monsterinsights_skip_tracking":false,"_monsterinsights_sitenote_active":false,"_monsterinsights_sitenote_note":"","_monsterinsights_sitenote_category":0,"footnotes":""},"categories":[748],"tags":[],"class_list":["post-541314","post","type-post","status-publish","format-standard","hentry","category-politica-italiana"],"aioseo_notices":[],"_links":{"self":[{"href":"https:\/\/nugnes.com\/index.php?rest_route=\/wp\/v2\/posts\/541314","targetHints":{"allow":["GET"]}}],"collection":[{"href":"https:\/\/nugnes.com\/index.php?rest_route=\/wp\/v2\/posts"}],"about":[{"href":"https:\/\/nugnes.com\/index.php?rest_route=\/wp\/v2\/types\/post"}],"author":[{"embeddable":true,"href":"https:\/\/nugnes.com\/index.php?rest_route=\/wp\/v2\/users\/425"}],"replies":[{"embeddable":true,"href":"https:\/\/nugnes.com\/index.php?rest_route=%2Fwp%2Fv2%2Fcomments&post=541314"}],"version-history":[{"count":1,"href":"https:\/\/nugnes.com\/index.php?rest_route=\/wp\/v2\/posts\/541314\/revisions"}],"predecessor-version":[{"id":541315,"href":"https:\/\/nugnes.com\/index.php?rest_route=\/wp\/v2\/posts\/541314\/revisions\/541315"}],"wp:attachment":[{"href":"https:\/\/nugnes.com\/index.php?rest_route=%2Fwp%2Fv2%2Fmedia&parent=541314"}],"wp:term":[{"taxonomy":"category","embeddable":true,"href":"https:\/\/nugnes.com\/index.php?rest_route=%2Fwp%2Fv2%2Fcategories&post=541314"},{"taxonomy":"post_tag","embeddable":true,"href":"https:\/\/nugnes.com\/index.php?rest_route=%2Fwp%2Fv2%2Ftags&post=541314"}],"curies":[{"name":"wp","href":"https:\/\/api.w.org\/{rel}","templated":true}]}}