{"id":541371,"date":"2023-10-18T05:39:58","date_gmt":"2023-10-18T05:39:58","guid":{"rendered":"https:\/\/www.fanpage.it\/spettacolo\/?p=199236"},"modified":"2023-10-18T05:39:58","modified_gmt":"2023-10-18T05:39:58","slug":"mauro-corona-a-e-sempre-cartabianca-si-scusa-con-berlinguer-e-confessa-la-mia-presenza-e-a-rischio","status":"publish","type":"post","link":"https:\/\/nugnes.com\/?p=541371","title":{"rendered":"Mauro Corona a \u00c8 sempre Cartabianca si scusa con Berlinguer e confessa: &#8220;La mia presenza \u00e8 a rischio&#8221;"},"content":{"rendered":"<img src=\"https:\/\/staticfanpage.akamaized.net\/wp-content\/uploads\/sites\/25\/2023\/10\/ipiccy_image-2023-10-18T072435.738-300x225.jpg\" \/><br \/>Mauro Corona nella puntata di \u00c8 sempre Cartabianca di ieri sera, marted\u00ec 17 ottobre, si \u00e8 scusato con Bianca Berlinguer per una lite avvenuta al telefono prima della messa in onda. Poi ha lanciato un appello a Marina e Pier Silvio Berlusconi: \"C'\u00e8 una cosa che non va bene, la mia partecipazione qui \u00e8 a rischio\".<br \/><a href=\"https:\/\/www.fanpage.it\/spettacolo\/programmi-tv\/mauro-corona-a-e-sempre-cartabianca-si-scusa-con-berlinguer-e-confessa-la-mia-presenza-e-a-rischio\/\">Continua a leggere<\/a>","protected":false},"excerpt":{"rendered":"<p>Mauro Corona nella puntata di \u00c8 sempre Cartabianca di ieri sera, marted\u00ec 17 ottobre, si \u00e8 scusato con Bianca Berlinguer per una lite avvenuta al telefono prima della messa in onda. Poi ha lanciato un appello a Marina e Pier Silvio Berlusconi: &#8220;C&#8217;\u00e8 una &#8230;<\/p>\n","protected":false},"author":283,"featured_media":0,"comment_status":"closed","ping_status":"closed","sticky":false,"template":"","format":"standard","meta":{"om_disable_all_campaigns":false,"_monsterinsights_skip_tracking":false,"_monsterinsights_sitenote_active":false,"_monsterinsights_sitenote_note":"","_monsterinsights_sitenote_category":0,"footnotes":""},"categories":[752],"tags":[],"class_list":["post-541371","post","type-post","status-publish","format-standard","hentry","category-programmi-tv"],"aioseo_notices":[],"_links":{"self":[{"href":"https:\/\/nugnes.com\/index.php?rest_route=\/wp\/v2\/posts\/541371","targetHints":{"allow":["GET"]}}],"collection":[{"href":"https:\/\/nugnes.com\/index.php?rest_route=\/wp\/v2\/posts"}],"about":[{"href":"https:\/\/nugnes.com\/index.php?rest_route=\/wp\/v2\/types\/post"}],"author":[{"embeddable":true,"href":"https:\/\/nugnes.com\/index.php?rest_route=\/wp\/v2\/users\/283"}],"replies":[{"embeddable":true,"href":"https:\/\/nugnes.com\/index.php?rest_route=%2Fwp%2Fv2%2Fcomments&post=541371"}],"version-history":[{"count":1,"href":"https:\/\/nugnes.com\/index.php?rest_route=\/wp\/v2\/posts\/541371\/revisions"}],"predecessor-version":[{"id":541372,"href":"https:\/\/nugnes.com\/index.php?rest_route=\/wp\/v2\/posts\/541371\/revisions\/541372"}],"wp:attachment":[{"href":"https:\/\/nugnes.com\/index.php?rest_route=%2Fwp%2Fv2%2Fmedia&parent=541371"}],"wp:term":[{"taxonomy":"category","embeddable":true,"href":"https:\/\/nugnes.com\/index.php?rest_route=%2Fwp%2Fv2%2Fcategories&post=541371"},{"taxonomy":"post_tag","embeddable":true,"href":"https:\/\/nugnes.com\/index.php?rest_route=%2Fwp%2Fv2%2Ftags&post=541371"}],"curies":[{"name":"wp","href":"https:\/\/api.w.org\/{rel}","templated":true}]}}