{"id":541962,"date":"2023-10-19T09:03:34","date_gmt":"2023-10-19T09:03:34","guid":{"rendered":"https:\/\/www.fanpage.it\/milano\/?p=235981"},"modified":"2023-10-19T09:03:34","modified_gmt":"2023-10-19T09:03:34","slug":"johnny-dorelli-prova-a-vendere-una-scultura-falsa-finisce-in-tribunale-ma-viene-assolto","status":"publish","type":"post","link":"https:\/\/nugnes.com\/?p=541962","title":{"rendered":"Johnny Dorelli prova a vendere una scultura falsa: finisce in tribunale, ma viene assolto"},"content":{"rendered":"<img src=\"https:\/\/staticfanpage.akamaized.net\/wp-content\/uploads\/sites\/29\/2023\/10\/JOHNNY-DORELLI-1200-638x425.jpg\" \/><br \/>Johnny Dorelli ha acquistato un'opera d'arte senza sapere che fosse falsa, quando ha provato a rivenderla \u00e8 finito in tribunale. L'attore e cantante \u00e8 stato assolto perch\u00e9 per la giudice \"non aveva le cognizioni tecniche per capire fosse falsa\". Dorelli l'aveva acquistata in una galleria autorizzata. La procura ha fatto ricorso perch\u00e9 l'opera non \u00e8 stata esclusa dalla circolazione.<br \/><a href=\"https:\/\/www.fanpage.it\/milano\/johnny-dorelli-prova-a-vendere-una-scultura-falsa-finisce-in-tribunale-ma-viene-assolto\/\">Continua a leggere<\/a>","protected":false},"excerpt":{"rendered":"<p>Johnny Dorelli ha acquistato un&#8217;opera d&#8217;arte senza sapere che fosse falsa, quando ha provato a rivenderla \u00e8 finito in tribunale. L&#8217;attore e cantante \u00e8 stato assolto perch\u00e9 per la giudice &#8220;non aveva le cognizioni tecniche per capire fosse falsa&#8221;. Dorell&#8230;<\/p>\n","protected":false},"author":560,"featured_media":0,"comment_status":"closed","ping_status":"closed","sticky":false,"template":"","format":"standard","meta":{"om_disable_all_campaigns":false,"_monsterinsights_skip_tracking":false,"_monsterinsights_sitenote_active":false,"_monsterinsights_sitenote_note":"","_monsterinsights_sitenote_category":0,"footnotes":""},"categories":[745,10,236],"tags":[],"class_list":["post-541962","post","type-post","status-publish","format-standard","hentry","category-attualita","category-cronaca","category-lombardia"],"aioseo_notices":[],"_links":{"self":[{"href":"https:\/\/nugnes.com\/index.php?rest_route=\/wp\/v2\/posts\/541962","targetHints":{"allow":["GET"]}}],"collection":[{"href":"https:\/\/nugnes.com\/index.php?rest_route=\/wp\/v2\/posts"}],"about":[{"href":"https:\/\/nugnes.com\/index.php?rest_route=\/wp\/v2\/types\/post"}],"author":[{"embeddable":true,"href":"https:\/\/nugnes.com\/index.php?rest_route=\/wp\/v2\/users\/560"}],"replies":[{"embeddable":true,"href":"https:\/\/nugnes.com\/index.php?rest_route=%2Fwp%2Fv2%2Fcomments&post=541962"}],"version-history":[{"count":1,"href":"https:\/\/nugnes.com\/index.php?rest_route=\/wp\/v2\/posts\/541962\/revisions"}],"predecessor-version":[{"id":541963,"href":"https:\/\/nugnes.com\/index.php?rest_route=\/wp\/v2\/posts\/541962\/revisions\/541963"}],"wp:attachment":[{"href":"https:\/\/nugnes.com\/index.php?rest_route=%2Fwp%2Fv2%2Fmedia&parent=541962"}],"wp:term":[{"taxonomy":"category","embeddable":true,"href":"https:\/\/nugnes.com\/index.php?rest_route=%2Fwp%2Fv2%2Fcategories&post=541962"},{"taxonomy":"post_tag","embeddable":true,"href":"https:\/\/nugnes.com\/index.php?rest_route=%2Fwp%2Fv2%2Ftags&post=541962"}],"curies":[{"name":"wp","href":"https:\/\/api.w.org\/{rel}","templated":true}]}}