{"id":548268,"date":"2023-11-01T16:55:18","date_gmt":"2023-11-01T16:55:18","guid":{"rendered":"https:\/\/www.fanpage.it\/milano\/?p=239352"},"modified":"2023-11-01T16:55:18","modified_gmt":"2023-11-01T16:55:18","slug":"flavio-briatore-derubato-in-via-cordusio-milano-e-una-citta-pericolosa-la-gente-ha-paura","status":"publish","type":"post","link":"https:\/\/nugnes.com\/?p=548268","title":{"rendered":"Flavio Briatore derubato in via Cordusio: &#8220;Milano \u00e8 una citt\u00e0 pericolosa, la gente ha paura&#8221;"},"content":{"rendered":"<img src=\"https:\/\/staticfanpage.akamaized.net\/wp-content\/uploads\/sites\/29\/2023\/11\/flavio-briatore-rapinato-viale-cordusio-milano-638x425.jpg\" \/><br \/>Un ragazzo in monopattino avrebbe cercato di rubare lo zainetto di Flavio Briatore in via Cordusio a Milano. A raccontare l'episodio \u00e8 lo stesso imprenditore in una storia Instagram con la quale rivolge un appello al sindaco Sala: \"Non c'\u00e8 nulla sotto controllo, cercate di sistemare la citt\u00e0 perch\u00e9 cos\u00ec la gente ha paura\".<br \/><a href=\"https:\/\/www.fanpage.it\/milano\/flavio-briatore-derubato-in-via-cordusio-milano-e-una-citta-pericolosa-la-gente-ha-paura\/\">Continua a leggere<\/a>","protected":false},"excerpt":{"rendered":"<p>Un ragazzo in monopattino avrebbe cercato di rubare lo zainetto di Flavio Briatore in via Cordusio a Milano. A raccontare l&#8217;episodio \u00e8 lo stesso imprenditore in una storia Instagram con la quale rivolge un appello al sindaco Sala: &#8220;Non c&#8217;\u00e8 nulla sotto &#8230;<\/p>\n","protected":false},"author":295,"featured_media":0,"comment_status":"closed","ping_status":"closed","sticky":false,"template":"","format":"standard","meta":{"om_disable_all_campaigns":false,"_monsterinsights_skip_tracking":false,"_monsterinsights_sitenote_active":false,"_monsterinsights_sitenote_note":"","_monsterinsights_sitenote_category":0,"footnotes":""},"categories":[745,10],"tags":[],"class_list":["post-548268","post","type-post","status-publish","format-standard","hentry","category-attualita","category-cronaca"],"aioseo_notices":[],"_links":{"self":[{"href":"https:\/\/nugnes.com\/index.php?rest_route=\/wp\/v2\/posts\/548268","targetHints":{"allow":["GET"]}}],"collection":[{"href":"https:\/\/nugnes.com\/index.php?rest_route=\/wp\/v2\/posts"}],"about":[{"href":"https:\/\/nugnes.com\/index.php?rest_route=\/wp\/v2\/types\/post"}],"author":[{"embeddable":true,"href":"https:\/\/nugnes.com\/index.php?rest_route=\/wp\/v2\/users\/295"}],"replies":[{"embeddable":true,"href":"https:\/\/nugnes.com\/index.php?rest_route=%2Fwp%2Fv2%2Fcomments&post=548268"}],"version-history":[{"count":1,"href":"https:\/\/nugnes.com\/index.php?rest_route=\/wp\/v2\/posts\/548268\/revisions"}],"predecessor-version":[{"id":548269,"href":"https:\/\/nugnes.com\/index.php?rest_route=\/wp\/v2\/posts\/548268\/revisions\/548269"}],"wp:attachment":[{"href":"https:\/\/nugnes.com\/index.php?rest_route=%2Fwp%2Fv2%2Fmedia&parent=548268"}],"wp:term":[{"taxonomy":"category","embeddable":true,"href":"https:\/\/nugnes.com\/index.php?rest_route=%2Fwp%2Fv2%2Fcategories&post=548268"},{"taxonomy":"post_tag","embeddable":true,"href":"https:\/\/nugnes.com\/index.php?rest_route=%2Fwp%2Fv2%2Ftags&post=548268"}],"curies":[{"name":"wp","href":"https:\/\/api.w.org\/{rel}","templated":true}]}}