{"id":555506,"date":"2023-11-17T16:48:28","date_gmt":"2023-11-17T16:48:28","guid":{"rendered":"https:\/\/www.fanpage.it\/spettacolo\/?p=209002"},"modified":"2023-11-17T16:48:28","modified_gmt":"2023-11-17T16:48:28","slug":"harry-non-guardera-la-sesta-stagione-di-the-crown-non-vuole-avere-traumi-non-necessari","status":"publish","type":"post","link":"https:\/\/nugnes.com\/?p=555506","title":{"rendered":"Harry non guarder\u00e0 la sesta stagione di The Crown, non vuole avere traumi non necessari"},"content":{"rendered":"<img src=\"https:\/\/staticfanpage.akamaized.net\/wp-content\/uploads\/sites\/25\/2023\/11\/harry-prince.jpg\" \/><br \/>Il principe Harry ha dichiarato che non vedr\u00e0 la sesta stagione di The Crown, dove verr\u00e0 raccontato uno dei momenti pi\u00f9 difficili della sua vita: la morte della madre Lady Diana. Il secondogenito della principessa non vuole subire dei traumi che ritiene siano non necessari.<br \/><a href=\"https:\/\/www.fanpage.it\/spettacolo\/personaggi\/harry-non-guardera-la-sesta-stagione-di-the-crown-non-vuole-avere-traumi-non-necessari\/\">Continua a leggere<\/a>","protected":false},"excerpt":{"rendered":"<p>Il principe Harry ha dichiarato che non vedr\u00e0 la sesta stagione di The Crown, dove verr\u00e0 raccontato uno dei momenti pi\u00f9 difficili della sua vita: la morte della madre Lady Diana. Il secondogenito della principessa non vuole subire dei traumi che ritien&#8230;<\/p>\n","protected":false},"author":103,"featured_media":0,"comment_status":"closed","ping_status":"closed","sticky":false,"template":"","format":"standard","meta":{"om_disable_all_campaigns":false,"_monsterinsights_skip_tracking":false,"_monsterinsights_sitenote_active":false,"_monsterinsights_sitenote_note":"","_monsterinsights_sitenote_category":0,"footnotes":""},"categories":[1407],"tags":[],"class_list":["post-555506","post","type-post","status-publish","format-standard","hentry","category-personaggi"],"aioseo_notices":[],"_links":{"self":[{"href":"https:\/\/nugnes.com\/index.php?rest_route=\/wp\/v2\/posts\/555506","targetHints":{"allow":["GET"]}}],"collection":[{"href":"https:\/\/nugnes.com\/index.php?rest_route=\/wp\/v2\/posts"}],"about":[{"href":"https:\/\/nugnes.com\/index.php?rest_route=\/wp\/v2\/types\/post"}],"author":[{"embeddable":true,"href":"https:\/\/nugnes.com\/index.php?rest_route=\/wp\/v2\/users\/103"}],"replies":[{"embeddable":true,"href":"https:\/\/nugnes.com\/index.php?rest_route=%2Fwp%2Fv2%2Fcomments&post=555506"}],"version-history":[{"count":1,"href":"https:\/\/nugnes.com\/index.php?rest_route=\/wp\/v2\/posts\/555506\/revisions"}],"predecessor-version":[{"id":555507,"href":"https:\/\/nugnes.com\/index.php?rest_route=\/wp\/v2\/posts\/555506\/revisions\/555507"}],"wp:attachment":[{"href":"https:\/\/nugnes.com\/index.php?rest_route=%2Fwp%2Fv2%2Fmedia&parent=555506"}],"wp:term":[{"taxonomy":"category","embeddable":true,"href":"https:\/\/nugnes.com\/index.php?rest_route=%2Fwp%2Fv2%2Fcategories&post=555506"},{"taxonomy":"post_tag","embeddable":true,"href":"https:\/\/nugnes.com\/index.php?rest_route=%2Fwp%2Fv2%2Ftags&post=555506"}],"curies":[{"name":"wp","href":"https:\/\/api.w.org\/{rel}","templated":true}]}}