{"id":555534,"date":"2023-11-17T15:45:40","date_gmt":"2023-11-17T15:45:40","guid":{"rendered":"https:\/\/www.fanpage.it\/stile-e-trend\/?p=152724"},"modified":"2023-11-17T15:45:40","modified_gmt":"2023-11-17T15:45:40","slug":"nellufficio-di-chiara-ferragni-il-natale-e-gia-arrivato-sullalbero-ce-anche-un-trenino-elettrico","status":"publish","type":"post","link":"https:\/\/nugnes.com\/?p=555534","title":{"rendered":"Nell&#8217;ufficio di Chiara Ferragni il Natale \u00e8 gi\u00e0 arrivato: sull&#8217;albero c&#8217;\u00e8 anche un trenino elettrico"},"content":{"rendered":"<img src=\"https:\/\/staticfanpage.akamaized.net\/wp-content\/uploads\/sites\/33\/2023\/11\/albero-di-natale-ufficio-chiara-ferragni-2023-638x425.jpg\" \/><br \/>Chiara Ferragni ha ufficialmente dato il via alle feste. Dopo aver addobbato in modo impeccabile la nuova casa milanese, ora \u00e8 passata all'ufficio: ecco il maxi albero e le decorazioni a tema scelte per il 2023.<br \/><a href=\"https:\/\/www.fanpage.it\/stile-e-trend\/casa\/nellufficio-di-chiara-ferragni-il-natale-e-gia-arrivato-sullalbero-ce-anche-un-trenino-elettrico\/\">Continua a leggere<\/a>","protected":false},"excerpt":{"rendered":"<p>Chiara Ferragni ha ufficialmente dato il via alle feste. Dopo aver addobbato in modo impeccabile la nuova casa milanese, ora \u00e8 passata all&#8217;ufficio: ecco il maxi albero e le decorazioni a tema scelte per il 2023.Continua a leggere<\/p>\n","protected":false},"author":127,"featured_media":0,"comment_status":"closed","ping_status":"closed","sticky":false,"template":"","format":"standard","meta":{"om_disable_all_campaigns":false,"_monsterinsights_skip_tracking":false,"_monsterinsights_sitenote_active":false,"_monsterinsights_sitenote_note":"","_monsterinsights_sitenote_category":0,"footnotes":""},"categories":[1398],"tags":[],"class_list":["post-555534","post","type-post","status-publish","format-standard","hentry","category-casa-e-living"],"aioseo_notices":[],"_links":{"self":[{"href":"https:\/\/nugnes.com\/index.php?rest_route=\/wp\/v2\/posts\/555534","targetHints":{"allow":["GET"]}}],"collection":[{"href":"https:\/\/nugnes.com\/index.php?rest_route=\/wp\/v2\/posts"}],"about":[{"href":"https:\/\/nugnes.com\/index.php?rest_route=\/wp\/v2\/types\/post"}],"author":[{"embeddable":true,"href":"https:\/\/nugnes.com\/index.php?rest_route=\/wp\/v2\/users\/127"}],"replies":[{"embeddable":true,"href":"https:\/\/nugnes.com\/index.php?rest_route=%2Fwp%2Fv2%2Fcomments&post=555534"}],"version-history":[{"count":1,"href":"https:\/\/nugnes.com\/index.php?rest_route=\/wp\/v2\/posts\/555534\/revisions"}],"predecessor-version":[{"id":555535,"href":"https:\/\/nugnes.com\/index.php?rest_route=\/wp\/v2\/posts\/555534\/revisions\/555535"}],"wp:attachment":[{"href":"https:\/\/nugnes.com\/index.php?rest_route=%2Fwp%2Fv2%2Fmedia&parent=555534"}],"wp:term":[{"taxonomy":"category","embeddable":true,"href":"https:\/\/nugnes.com\/index.php?rest_route=%2Fwp%2Fv2%2Fcategories&post=555534"},{"taxonomy":"post_tag","embeddable":true,"href":"https:\/\/nugnes.com\/index.php?rest_route=%2Fwp%2Fv2%2Ftags&post=555534"}],"curies":[{"name":"wp","href":"https:\/\/api.w.org\/{rel}","templated":true}]}}