{"id":55815,"date":"2020-07-31T06:51:06","date_gmt":"2020-07-31T06:51:06","guid":{"rendered":"https:\/\/www.fanpage.it\/milano\/?p=25605"},"modified":"2020-07-31T06:51:06","modified_gmt":"2020-07-31T06:51:06","slug":"tragico-incidente-tra-auto-e-camion-a-usmate-velate-morto-un-ragazzo-di-27-anni-ferito-lamico","status":"publish","type":"post","link":"https:\/\/nugnes.com\/?p=55815","title":{"rendered":"Tragico incidente tra auto e camion a Usmate Velate: morto un ragazzo di 27 anni, ferito l\u2019amico"},"content":{"rendered":"<img src=\"https:\/\/static.fanpage.it\/wp-content\/uploads\/sites\/3\/2020\/06\/WhatsApp-Image-2020-06-29-at-7.52.28-AM-300x225.jpeg\" \/><br \/>Un ragazzo di 27 anni \u00e8 morto e l'amico di 26 anni \u00e8 rimasto gravemente ferito in un incidente stradale avvenuto attorno alle 4 di oggi, venerd\u00ec 31 luglio, a Usmate Velate, in provincia di Monza e Brianza. L'auto su cui viaggiavano i due giovani si \u00e8 scontrata per cause da accertare contro un camion, il cui conducente \u00e8 rimasto illeso. Il 27enne \u00e8 morto sul colpo: l'amico \u00e8 ricoverato in gravi condizioni in ospedale.<br \/><a href=\"https:\/\/www.fanpage.it\/milano\/tragico-incidente-tra-auto-e-camion-a-usmate-velate-morto-un-ragazzo-di-27-anni-ferito-lamico\/\">Continua a leggere<\/a>","protected":false},"excerpt":{"rendered":"<p>Un ragazzo di 27 anni \u00e8 morto e l&#8217;amico di 26 anni \u00e8 rimasto gravemente ferito in un incidente stradale avvenuto attorno alle 4 di oggi, venerd\u00ec 31 luglio, a Usmate Velate, in provincia di Monza e Brianza. L&#8217;auto su cui viaggiavano i due giovani si \u00e8 s&#8230;<\/p>\n","protected":false},"author":88,"featured_media":0,"comment_status":"closed","ping_status":"closed","sticky":false,"template":"","format":"standard","meta":{"om_disable_all_campaigns":false,"_monsterinsights_skip_tracking":false,"_monsterinsights_sitenote_active":false,"_monsterinsights_sitenote_note":"","_monsterinsights_sitenote_category":0,"footnotes":""},"categories":[745,10,1137,1140],"tags":[],"class_list":["post-55815","post","type-post","status-publish","format-standard","hentry","category-attualita","category-cronaca","category-incidenti-stradali","category-monza-e-brianza"],"aioseo_notices":[],"_links":{"self":[{"href":"https:\/\/nugnes.com\/index.php?rest_route=\/wp\/v2\/posts\/55815","targetHints":{"allow":["GET"]}}],"collection":[{"href":"https:\/\/nugnes.com\/index.php?rest_route=\/wp\/v2\/posts"}],"about":[{"href":"https:\/\/nugnes.com\/index.php?rest_route=\/wp\/v2\/types\/post"}],"author":[{"embeddable":true,"href":"https:\/\/nugnes.com\/index.php?rest_route=\/wp\/v2\/users\/88"}],"replies":[{"embeddable":true,"href":"https:\/\/nugnes.com\/index.php?rest_route=%2Fwp%2Fv2%2Fcomments&post=55815"}],"version-history":[{"count":1,"href":"https:\/\/nugnes.com\/index.php?rest_route=\/wp\/v2\/posts\/55815\/revisions"}],"predecessor-version":[{"id":55817,"href":"https:\/\/nugnes.com\/index.php?rest_route=\/wp\/v2\/posts\/55815\/revisions\/55817"}],"wp:attachment":[{"href":"https:\/\/nugnes.com\/index.php?rest_route=%2Fwp%2Fv2%2Fmedia&parent=55815"}],"wp:term":[{"taxonomy":"category","embeddable":true,"href":"https:\/\/nugnes.com\/index.php?rest_route=%2Fwp%2Fv2%2Fcategories&post=55815"},{"taxonomy":"post_tag","embeddable":true,"href":"https:\/\/nugnes.com\/index.php?rest_route=%2Fwp%2Fv2%2Ftags&post=55815"}],"curies":[{"name":"wp","href":"https:\/\/api.w.org\/{rel}","templated":true}]}}