{"id":568350,"date":"2023-12-16T11:45:11","date_gmt":"2023-12-16T11:45:11","guid":{"rendered":"https:\/\/www.fanpage.it\/?p=1990496"},"modified":"2023-12-16T11:45:11","modified_gmt":"2023-12-16T11:45:11","slug":"allarme-violenze-sessuali-in-spagna-crescono-i-casi-ma-continua-a-scendere-leta-degli-aggressori","status":"publish","type":"post","link":"https:\/\/nugnes.com\/?p=568350","title":{"rendered":"Allarme violenze sessuali in Spagna: crescono i casi ma continua a scendere l&#8217;et\u00e0 degli aggressori"},"content":{"rendered":"<img src=\"https:\/\/staticfanpage.akamaized.net\/socialmediafanpage\/wp-content\/uploads\/2014\/09\/ragazza-vittima-violenza-sessuale-300x225.jpg\" \/><br \/>Cresce il numero delle violenze sessuali in Spagna, dove \u00e8 stato registrato il peggiore dato sui reati sessuali degli ultimi sette anni. Nel 2022 sono state pi\u00f9 di 11mila le persone arrestate o indagate per questo tipo di crimini. Preoccupa anche la diminuzione dell'et\u00e0 degli autori delle violenze sessuali: pi\u00f9 di mille gli adolescenti fra 14 e 17 anni arrestati o indagati lo scorso anno, con un incremento del 18% rispetto al 2021.<br \/><a href=\"https:\/\/www.fanpage.it\/esteri\/allarme-violenze-sessuali-in-spagna-crescono-i-casi-ma-continua-a-scendere-leta-degli-aggressori\/\">Continua a leggere<\/a>","protected":false},"excerpt":{"rendered":"<p>Cresce il numero delle violenze sessuali in Spagna, dove \u00e8 stato registrato il peggiore dato sui reati sessuali degli ultimi sette anni. Nel 2022 sono state pi\u00f9 di 11mila le persone arrestate o indagate per questo tipo di crimini. Preoccupa anche la di&#8230;<\/p>\n","protected":false},"author":554,"featured_media":0,"comment_status":"closed","ping_status":"closed","sticky":false,"template":"","format":"standard","meta":{"om_disable_all_campaigns":false,"_monsterinsights_skip_tracking":false,"_monsterinsights_sitenote_active":false,"_monsterinsights_sitenote_note":"","_monsterinsights_sitenote_category":0,"footnotes":""},"categories":[20],"tags":[],"class_list":["post-568350","post","type-post","status-publish","format-standard","hentry","category-esteri"],"aioseo_notices":[],"_links":{"self":[{"href":"https:\/\/nugnes.com\/index.php?rest_route=\/wp\/v2\/posts\/568350","targetHints":{"allow":["GET"]}}],"collection":[{"href":"https:\/\/nugnes.com\/index.php?rest_route=\/wp\/v2\/posts"}],"about":[{"href":"https:\/\/nugnes.com\/index.php?rest_route=\/wp\/v2\/types\/post"}],"author":[{"embeddable":true,"href":"https:\/\/nugnes.com\/index.php?rest_route=\/wp\/v2\/users\/554"}],"replies":[{"embeddable":true,"href":"https:\/\/nugnes.com\/index.php?rest_route=%2Fwp%2Fv2%2Fcomments&post=568350"}],"version-history":[{"count":1,"href":"https:\/\/nugnes.com\/index.php?rest_route=\/wp\/v2\/posts\/568350\/revisions"}],"predecessor-version":[{"id":568351,"href":"https:\/\/nugnes.com\/index.php?rest_route=\/wp\/v2\/posts\/568350\/revisions\/568351"}],"wp:attachment":[{"href":"https:\/\/nugnes.com\/index.php?rest_route=%2Fwp%2Fv2%2Fmedia&parent=568350"}],"wp:term":[{"taxonomy":"category","embeddable":true,"href":"https:\/\/nugnes.com\/index.php?rest_route=%2Fwp%2Fv2%2Fcategories&post=568350"},{"taxonomy":"post_tag","embeddable":true,"href":"https:\/\/nugnes.com\/index.php?rest_route=%2Fwp%2Fv2%2Ftags&post=568350"}],"curies":[{"name":"wp","href":"https:\/\/api.w.org\/{rel}","templated":true}]}}