{"id":568364,"date":"2023-12-16T11:51:13","date_gmt":"2023-12-16T11:51:13","guid":{"rendered":"http:\/\/nugnes.com\/?guid=19e2cbb844d806cbe5dfd2149dffc6a3"},"modified":"2025-10-15T14:52:56","modified_gmt":"2025-10-15T14:52:56","slug":"termina-oggi-il-processo-del-secolo-in-vaticano-attesa-la-sentenza","status":"publish","type":"post","link":"https:\/\/nugnes.com\/?p=568364","title":{"rendered":"Processo in Vaticano, il cardinale Becciu condannato"},"content":{"rendered":"<p>AGI -&nbsp;Cinque anni e <strong>6 mesi di reclusione, interdizione perpetua dei pubblici uffici e 8 mila di multa.<\/strong> \u00c8 la condanna comminata al cardinale Angelo Becciu dal Tribunale vaticano, al termine del processo sulla gestione dei fondi della Segreteria di Stato che ruota intorno alla compravendita del Palazzo di Londra.<strong> Becciu \u00e8 stato ritenuto colpevole di tre capi di imputazione, <\/strong>due per peculato uno per truffa&nbsp;<\/p>\n<p>\"Rispettiamo la sentenza ma certamente faremo appello\". Cos\u00ec l'avvocato del cardinale Becciu, Fabio Viglione, al termine della lettura della sentenza. Viglione ha ribadito l'innocenza del cardinale Becciu.<\/p>\n<p>\"C'\u00e8 profonda amarezza, dopo 86 udienze, nel prendere atto che l'innocenza del Cardinale Becciu non \u00e8 stata proclamata dalla sentenza, nonostante tutte le accuse si siano rivelate completamente infondate.<strong> Le prove emerse nel processo,<\/strong> la genesi delle accuse al Cardinale, frutto di una dimostrata macchinazione ai suoi danni, e la Sua innocenza, ci consentono di guardare all'appello con immutata fiducia\", affermano<strong> i due difensori Maria Concetta Marzo e Fabio Viglione<\/strong>.<\/p>\n<p>\"Nonostante la pronuncia ci amareggi profondamente, abbiamo una solida certezza: il cardinale Becciu, fedele servitore del Papa e della Chiesa, ha sempre agito nell'interesse della Segreteria di Stato e non ha avuto per s\u00e9 e per i suoi familiari alcun vantaggio\", proseguono gli avvocati.<\/p>\n<p>\"Rispettiamo la sentenza, leggeremo le motivazioni, ma rimaniamo certi che verr\u00e0 prima o poi riconosciuta l'assurdit\u00e0&nbsp;delle accuse contro il Cardinale e dunque la verit\u00e0: Sua Eminenza Becciu \u00e8 innocente\".&nbsp;Il tribunale ha disposto che <strong>tutti i risarcimenti <\/strong>vadano <strong>depositati presso un apposito conto aperto presso lo Ior, <\/strong>sottolineano fonti dell'Ente della Santa Sede.&nbsp;Si tratta della <strong>prima applicazione<\/strong>, disposta da un tribunale, sull'<strong>obbligatoriet\u00e0 dell'accentramento delle risorse<\/strong> della Santa Sede e delle istituzioni collegate, presso lo Ior, come disposto dal rescritto di Sua Santit\u00e0 del 23 agosto 2022.<\/p>\n<h2>Le altre condanne<\/h2>\n<p>Di seguito le condanne definite dal Tribunale del Vaticano per gli imputati al processo conclusosi oggi sulla gestione dei fondi della Segreteria di Stato, che ruota intorno alla compravendita del palazzo di lusso a Londra.&nbsp;Il monsignor Carlino \u00e8&nbsp;l\u2019unico imputato assolto.<\/p>\n<p><strong>Ren\u00e8 Bruehlart e Tommaso Di Ruzza<\/strong>: multa di 1.750 euro; Enrico Crasso: 7 anni di reclusione e 10 mila euro di multa con interdizione perpetua dai pubblici uffici; <strong>Raffaele Mincione<\/strong>: 5 anni e 6 mesi di reclusione, 8.000 euro di multa con interdizione perpetua dai pubblici uffici; Angelo Becciu: 5 anni e 6 mesi di reclusione, 8 mila euro di multa con interdizione perpetua dai pubblici uffici; <strong>Fabrizio Tirabassi<\/strong>: 7 anni e 6 mesi e 10 mila euro di multa con&nbsp;interdizione perpetua dai pubblici uffici; <strong>Nicola Squillace<\/strong>: previa concessione delle circostanze attenuanti generiche, alla pena sospesa, 1 anno e 10 mesi di reclusione;<strong> Gianluigi Torzi:&nbsp;<\/strong>6 anni di reclusione e 6 mila euro di multa, alla interdizione perpetua dai pubblici uffici e alla sottoposizione alla vigilanza speciale per un anno; <strong>Cecilia Marogna<\/strong>: 3 anni e 9 mesi di reclusione con interdizione temporanea dai pubblici uffici per uguale periodo; Logsic Humanitarne Dejavnosti D.O.O. alla sanzione pecuniaria di 40 mila euro e e al divieto di contrattare con le autorita' pubbliche per anni due.<br>\n  Inoltre il Tribunale ha ordinato <strong>la confisca per equivalente delle somme costituenti corpo dei reati&nbsp;<\/strong>contestati per oltre <strong>166 milioni di euro <\/strong>complessivi.<br>\n  Gli imputati sono stati infine condannati, in solido tra loro, al risarcimento dei danni in favore delle parti civili, liquidati complessivamente in oltre 200 milioni di euro.&nbsp;<\/p>\n<h2>Il processo pi\u00f9 lungo<\/h2>\n<p>E' terminato in Vaticano, dopo quasi due anni e mezzo, il processo sulla gestione dei fondi della Segreteria di Stato che ruota intorno alla compravendita di un palazzo di lusso a Londra. Si \u00e8 concluso cos\u00ec&nbsp;<strong>il pi\u00f9 lungo e complesso dibattimento che la Santa Sede abbia mai conosciuto.&nbsp;<\/strong><\/p>\n<p><strong>Ottantasei udienze, <\/strong>compresa questa di oggi, nell'arco di 29 mesi (la data del rinvio a giudizio: 3 luglio 2021, di inizio processo: 27 luglio 2021). Oltre 600 ore trascorse in aula, 69 testimoni ascoltati, 124.563 pagine cartacee e in dispositivi informatici e 2.479.062 files analizzati presentati dall'accusa, 20.150 pagine comprensive di allegati depositate dalla difesa, 48.731 dalle parti civili.&nbsp;<\/p>\n<p>Numeri importanti che restituiscono l'ampiezza e l'accuratezza del dibattimento che il Tribunale vaticano ha voluto fossero sin dall'inizio la cifra del giudizio, <strong>definito il \"century trial\", il processo del secolo<\/strong>. Quattordici gli imputati: <strong>10 persone fisiche<\/strong> (il cardinale Angelo Becciu, monsignor Mauro Carlino, Enrico Crasso, Raffaele Mincione, Fabrizio Tirabassi, Cecilia Marogna, Gianluigi Torzi, Nicola Squillace, Ren\u00e8&nbsp;Bruelhart, Tommaso Di Ruzza) e<strong> 4 societ\u00e0<\/strong> (Logsic Humitarne Dejavnosti con sede in Slovenia, la Prestige Family Office Sa, la Sogenel Capital Investment e la HP Finance LLC).&nbsp;<\/p>\n<p><strong>Quarantanove i capi di imputazione,<\/strong> 5 le parti civili (la Segreteria di Stato vaticana, lo Ior, l'Apsa, l'Asif e monsignor Perlasca, ex responsabile dell'ufficio amministrativo della Segreteria di Stato, definito il teste chiave del processo). I capi d'accusa inizialmente erano 37, poi sono saliti a 41 il 25 gennaio 2022 e a 49 il 30 marzo di quest'anno.<\/p>\n<p>Le ipotesi di reato andavano dalla truffa aggravata al peculato, dall'abuso d'ufficio aggravato all'appropriazione indebita, dalla corruzione aggravata al riciclaggio e autoriciclaggio, dall'estorsione fino alla subornazione di testimone e al falso materiale in atto pubblico commesso dal privato.&nbsp;<\/p>\n<p>Il processo \u00e8 stato preceduto da un'inchiesta lunga e articolata, avviata dall'allora Promotore di Giustizia, Gian Piero Milano e dall'aggiunto Alessandro Diddi (nominato nel frattempo Promotore). L'inchiesta si \u00e8 sviluppata attraverso le indagini della Gendarmeria vaticana e con l'ausilio di quattro rescripta del Papa pubblicati in corso d'opera che hanno ampliato il raggio d'azione dei pubblici ministeri; condotta attraverso una gran mole di documenti e di apparecchi elettronici sequestrati e il confronto degli interrogatori ai testimoni. Il tutto confluito in 487 pagine di rinvio a giudizio.<\/p>\n<div>\n \n<\/div>\n<p>Processo che solo dopo sette mesi e un giorno, il primo marzo 2022, \u00e8 entrato realmente nel vivo, lasciando prima ampio margine alle istanze preliminari che hanno tenuto banco per tutte le prime otto udienze per volont\u00e0 dello stesso Tribunale vaticano che ha lasciato tempo a schermaglie procedurali, repliche, eccezioni di nullit\u00e0. Processo in cui, proprio per questo \"spazio e ascolto\" concesso a tutti, sembrano trovare riscontro, sottolinea Vatican News, le parole incise nell'articolo 10 della Dichiarazione Universale dei Diritti dell'Uomo di cui ricorre il 75esimo anniversario: \"Ogni individuo ha diritto in posizione di piena uguaglianza a una equa e pubblica udienza davanti ad un Tribunale indipendente e imparziale, al fine della determinazione dei suoi diritti e dei suoi doveri, nonch\u00e8 della fondatezza di ogni accusa penale che gli venga rivolta\".&nbsp;<\/p>\n<h2><strong>Pignatone, tempi di dibattimento non scontati, grazie a chi ci ha permesso di celebrarlo<\/strong><\/h2>\n<p>\"Questo processo giunge oggi a conclusione a un anno e mezzo dal concreto inizio del dibattimento, tenuto conto di due sospensioni feriali e delle difficolt\u00e0 legate alla pandemia da Covid-19: <strong>non mi sembra un risultato marginale ne' scontato<\/strong>\". Cos\u00ec il presidente del Tribunale vaticano <strong>Giuseppe Pignatone<\/strong> concludendo il suo saluto, nella 86esima e ultima udienza del processo sulla gestione dei fondi della Segreteria di Stato, che ruota intorno alla compravendita di un palazzo di lusso a Londra. Il Tribunale si \u00e8 ritirato in camera di consiglio. La lettura della sentenza \u00e8 prevista alle 15:45.&nbsp;<br>\n  &nbsp;&nbsp; &nbsp;<br>\n  Prima di dichiarare chiusa l'istruttoria dibattimentale, Pignatone ha espresso, anche a nome dei colleghi, \"gratitudine a quanti hanno reso possibile la celebrazione di questo processo, certamente inusuale, per complessit\u00e0 quantitativa e qualitativa, per lo Stato della Citt\u00e0 del Vaticano\".<\/p>\n<p>Pignatone ha voluto ringraziare i presidenti del Governatorato, il cardinale Bertello prima e il cardinale Vergez poi, \"nonch\u00e8 alla direttrice dei Musei e ai loro collaboratori che hanno tempestivamente allestito, in periodi di emergenza Covid, quest'aula che ha consentito a tutti noi, credo, di svolgere il nostro lavoro nelle migliori condizioni possibili\".<\/p>\n<div>\n \n<\/div>\n<p>I ringraziamenti sono stati estesi anche al personale di Cancelleria \"che - ha detto - ci hanno assistito in tutte queste udienze, 86, spesso fino a tarda sera\", e quello della Gendarmeria \"che ne ha garantito il regolare svolgimento\". \"Grazie ai giornalisti e agli operatori dell'informazione, che - nelle legittime diversit\u00e0 di posizioni - hanno puntualmente dato conto all'opinione pubblica di quanto avveniva in udienza\", ha proseguito.<\/p>\n<p>Pignatone ha poi aggiunto: \"Non posso fare a meno, in questa occasione, di ricordare<strong> il professor Gian Piero Milano,<\/strong> il quale per ragioni di salute ha potuto partecipare solo alla prima udienza, quella del 27 luglio 2021, di un processo che aveva contribuito a istruire fin dall'inizio. Ho avuto l'onore e il privilegio negli anni precedenti di conoscere e diventare amico del professor Milano e di apprezzarne la raffinata conoscenza del diritto canonico e di quello Vaticano e, prima ancora, la sapienza giuridica e umana\".&nbsp;<\/p>\n<p>\"Last but not least, voglio ringraziare tutti voi, Promotori di giustizia, difensori delle parti civili e degli imputati, per l'impegno, lo studio, la passione e la professionalit\u00e0 con cui avete svolto - ovviamente da posizioni e con prospettive diverse - il vostro compito dando un eccezionale contributo all'attivit\u00e0 che il collegio ha svolto e che deve ancora svolgere\".&nbsp;<\/p>\n<p>\"Come molti di voi hanno rilevato, il dibattimento ha fatto emergere non pochi nuovi elementi di valutazione, non importa qui se a conferma o smentita dell'impostazione iniziale dell'accusa\", ha aggiunto Pignatone. \"Se cos\u00ec \u00e8, e il Collegio ne \u00e8 convinto - ha osservato ancora il presidente -, risulta confermato che<strong> il contraddittorio tra le parti \u00e8 il metodo migliore per raggiungere la verit\u00e0 processuale<\/strong> e, mi permetto di aggiungere, per cercare di avvicinarsi alla verit\u00e0 senza aggettivi\".<\/p>\n<p>Per questo \"il collegio ha sempre cercato, nei limiti consentiti all'interprete dal quadro normativo vigente, di adottare interpretazioni e prassi operative che garantissero l'effettivit\u00e0 del contraddittorio, assicurando il pi\u00f9 ampio spazio alle parti, e in specie alle difese\". In tal senso, \"abbiamo registrato con piacere il riconoscimento da parte di molti difensori della sensibilit\u00e0&nbsp;e dell'impegno del Tribunale su questa questione cruciale\".&nbsp;<\/p>\n<h2>Aggiornamento:<\/h2>\n<p>Riceviamo dai legali del signor Mincione la seguente comunicazione:&nbsp;<\/p>\n<p>Si tenga conto della sentenza del 21 febbraio 2025, emessa dall\u2019Alta Corte di Giustizia (High Court of Justice) \u2013 Commercial Court \u2013 King\u2019s Bench Division (Regno Unito), nel procedimento Athena Capital Fund SICAV-FIS S.C.A. e altri contro la Segreteria di Stato della Santa Sede. La Corte ha riconosciuto che: le parti agirono in buona fede nella negoziazione e nella conclusione degli accordi commerciali contestati; i requisiti di legittimit\u00e0, validit\u00e0 e vincolativit\u00e0 degli atti sono stati pienamente soddisfatti; \u00e8 stata esclusa ogni responsabilit\u00e0 civile in capo al nostro assistito<\/p>\n<p>&nbsp;<\/p>","protected":false},"excerpt":{"rendered":"<p>AGI &#8211;&nbsp;Cinque anni e 6 mesi di reclusione, interdizione perpetua dei pubblici uffici e 8 mila di multa. \u00c8 la condanna comminata al cardinale Angelo Becciu dal Tribunale vaticano, al termine del processo sulla gestione dei fondi della Segreteria di &#8230;<\/p>\n","protected":false},"author":347,"featured_media":0,"comment_status":"closed","ping_status":"closed","sticky":false,"template":"","format":"standard","meta":{"om_disable_all_campaigns":false,"_monsterinsights_skip_tracking":false,"_monsterinsights_sitenote_active":false,"_monsterinsights_sitenote_note":"","_monsterinsights_sitenote_category":0,"footnotes":""},"categories":[10],"tags":[],"class_list":["post-568364","post","type-post","status-publish","format-standard","hentry","category-cronaca"],"aioseo_notices":[],"_links":{"self":[{"href":"https:\/\/nugnes.com\/index.php?rest_route=\/wp\/v2\/posts\/568364","targetHints":{"allow":["GET"]}}],"collection":[{"href":"https:\/\/nugnes.com\/index.php?rest_route=\/wp\/v2\/posts"}],"about":[{"href":"https:\/\/nugnes.com\/index.php?rest_route=\/wp\/v2\/types\/post"}],"author":[{"embeddable":true,"href":"https:\/\/nugnes.com\/index.php?rest_route=\/wp\/v2\/users\/347"}],"replies":[{"embeddable":true,"href":"https:\/\/nugnes.com\/index.php?rest_route=%2Fwp%2Fv2%2Fcomments&post=568364"}],"version-history":[{"count":8,"href":"https:\/\/nugnes.com\/index.php?rest_route=\/wp\/v2\/posts\/568364\/revisions"}],"predecessor-version":[{"id":785132,"href":"https:\/\/nugnes.com\/index.php?rest_route=\/wp\/v2\/posts\/568364\/revisions\/785132"}],"wp:attachment":[{"href":"https:\/\/nugnes.com\/index.php?rest_route=%2Fwp%2Fv2%2Fmedia&parent=568364"}],"wp:term":[{"taxonomy":"category","embeddable":true,"href":"https:\/\/nugnes.com\/index.php?rest_route=%2Fwp%2Fv2%2Fcategories&post=568364"},{"taxonomy":"post_tag","embeddable":true,"href":"https:\/\/nugnes.com\/index.php?rest_route=%2Fwp%2Fv2%2Ftags&post=568364"}],"curies":[{"name":"wp","href":"https:\/\/api.w.org\/{rel}","templated":true}]}}