{"id":569840,"date":"2023-12-19T19:48:38","date_gmt":"2023-12-19T19:48:38","guid":{"rendered":"https:\/\/www.fanpage.it\/spettacolo\/?p=218312"},"modified":"2023-12-19T19:48:38","modified_gmt":"2023-12-19T19:48:38","slug":"al-gf-perla-scrive-a-mirko-una-lettera-per-natale-mi-manchi-voglio-che-che-tu-mi-senta-accanto","status":"publish","type":"post","link":"https:\/\/nugnes.com\/?p=569840","title":{"rendered":"Al GF Perla scrive a Mirko una lettera per Natale: &#8220;Mi manchi, voglio che che tu mi senta accanto&#8221;"},"content":{"rendered":"<img src=\"https:\/\/staticfanpage.akamaized.net\/wp-content\/uploads\/sites\/25\/2023\/12\/BeFunky-4-26-300x225.jpeg\" \/><br \/>Perla Vatiero sente la mancanza di Mirko Brunetti nella Casa del Grande Fratello e gli ha scritto una lettera di Natale: \"Sto mettendo da parte l'orgoglio perch\u00e9 ci tenevo. Mi manchi, insieme \u00e8 pi\u00f9 facile\".<br \/><a href=\"https:\/\/www.fanpage.it\/spettacolo\/programmi-tv\/al-gf-perla-scrive-a-mirko-una-lettera-per-natale-mi-manchi-voglio-che-che-tu-mi-senta-accanto\/\">Continua a leggere<\/a>","protected":false},"excerpt":{"rendered":"<p>Perla Vatiero sente la mancanza di Mirko Brunetti nella Casa del Grande Fratello e gli ha scritto una lettera di Natale: &#8220;Sto mettendo da parte l&#8217;orgoglio perch\u00e9 ci tenevo. Mi manchi, insieme \u00e8 pi\u00f9 facile&#8221;.Continua a leggere<\/p>\n","protected":false},"author":275,"featured_media":0,"comment_status":"closed","ping_status":"closed","sticky":false,"template":"","format":"standard","meta":{"om_disable_all_campaigns":false,"_monsterinsights_skip_tracking":false,"_monsterinsights_sitenote_active":false,"_monsterinsights_sitenote_note":"","_monsterinsights_sitenote_category":0,"footnotes":""},"categories":[752],"tags":[],"class_list":["post-569840","post","type-post","status-publish","format-standard","hentry","category-programmi-tv"],"aioseo_notices":[],"_links":{"self":[{"href":"https:\/\/nugnes.com\/index.php?rest_route=\/wp\/v2\/posts\/569840","targetHints":{"allow":["GET"]}}],"collection":[{"href":"https:\/\/nugnes.com\/index.php?rest_route=\/wp\/v2\/posts"}],"about":[{"href":"https:\/\/nugnes.com\/index.php?rest_route=\/wp\/v2\/types\/post"}],"author":[{"embeddable":true,"href":"https:\/\/nugnes.com\/index.php?rest_route=\/wp\/v2\/users\/275"}],"replies":[{"embeddable":true,"href":"https:\/\/nugnes.com\/index.php?rest_route=%2Fwp%2Fv2%2Fcomments&post=569840"}],"version-history":[{"count":2,"href":"https:\/\/nugnes.com\/index.php?rest_route=\/wp\/v2\/posts\/569840\/revisions"}],"predecessor-version":[{"id":569881,"href":"https:\/\/nugnes.com\/index.php?rest_route=\/wp\/v2\/posts\/569840\/revisions\/569881"}],"wp:attachment":[{"href":"https:\/\/nugnes.com\/index.php?rest_route=%2Fwp%2Fv2%2Fmedia&parent=569840"}],"wp:term":[{"taxonomy":"category","embeddable":true,"href":"https:\/\/nugnes.com\/index.php?rest_route=%2Fwp%2Fv2%2Fcategories&post=569840"},{"taxonomy":"post_tag","embeddable":true,"href":"https:\/\/nugnes.com\/index.php?rest_route=%2Fwp%2Fv2%2Ftags&post=569840"}],"curies":[{"name":"wp","href":"https:\/\/api.w.org\/{rel}","templated":true}]}}