{"id":576259,"date":"2024-01-05T16:49:22","date_gmt":"2024-01-05T16:49:22","guid":{"rendered":"https:\/\/www.fanpage.it\/?p=2002041"},"modified":"2024-01-05T16:49:22","modified_gmt":"2024-01-05T16:49:22","slug":"il-governo-meloni-sta-davvero-risolvendo-il-problema-delle-borse-agli-studenti-meritevoli","status":"publish","type":"post","link":"https:\/\/nugnes.com\/?p=576259","title":{"rendered":"Il governo Meloni sta davvero risolvendo il problema delle borse agli studenti meritevoli?"},"content":{"rendered":"<img src=\"https:\/\/staticfanpage.akamaized.net\/wp-content\/uploads\/2024\/01\/21749426_medium-300x225.jpg\" \/><br \/>Meloni in conferenza stampa ha annunciato che il governo si sta occupando delle borse di studio per gli studenti pi\u00f9 meritevoli, con basso reddito. Si tratta per\u00f2 di un piano fumoso, Palazzo Chigi non ha fornito dettagli. Il Mur ha gi\u00e0 stanziato 36 milioni aggiuntivi in manovra per le borse. Ma secondo l'Udu queste risorse sono insufficienti, e non bastano a eliminare la figura dell'idoneo non beneficiario.<br \/><a href=\"https:\/\/www.fanpage.it\/politica\/il-governo-meloni-sta-davvero-risolvendo-il-problema-delle-borse-agli-studenti-meritevoli\/\">Continua a leggere<\/a>","protected":false},"excerpt":{"rendered":"<p>Meloni in conferenza stampa ha annunciato che il governo si sta occupando delle borse di studio per gli studenti pi\u00f9 meritevoli, con basso reddito. Si tratta per\u00f2 di un piano fumoso, Palazzo Chigi non ha fornito dettagli. Il Mur ha gi\u00e0 stanziato 36 mil&#8230;<\/p>\n","protected":false},"author":83,"featured_media":0,"comment_status":"closed","ping_status":"closed","sticky":false,"template":"","format":"standard","meta":{"om_disable_all_campaigns":false,"_monsterinsights_skip_tracking":false,"_monsterinsights_sitenote_active":false,"_monsterinsights_sitenote_note":"","_monsterinsights_sitenote_category":0,"footnotes":""},"categories":[748],"tags":[],"class_list":["post-576259","post","type-post","status-publish","format-standard","hentry","category-politica-italiana"],"aioseo_notices":[],"_links":{"self":[{"href":"https:\/\/nugnes.com\/index.php?rest_route=\/wp\/v2\/posts\/576259","targetHints":{"allow":["GET"]}}],"collection":[{"href":"https:\/\/nugnes.com\/index.php?rest_route=\/wp\/v2\/posts"}],"about":[{"href":"https:\/\/nugnes.com\/index.php?rest_route=\/wp\/v2\/types\/post"}],"author":[{"embeddable":true,"href":"https:\/\/nugnes.com\/index.php?rest_route=\/wp\/v2\/users\/83"}],"replies":[{"embeddable":true,"href":"https:\/\/nugnes.com\/index.php?rest_route=%2Fwp%2Fv2%2Fcomments&post=576259"}],"version-history":[{"count":2,"href":"https:\/\/nugnes.com\/index.php?rest_route=\/wp\/v2\/posts\/576259\/revisions"}],"predecessor-version":[{"id":576325,"href":"https:\/\/nugnes.com\/index.php?rest_route=\/wp\/v2\/posts\/576259\/revisions\/576325"}],"wp:attachment":[{"href":"https:\/\/nugnes.com\/index.php?rest_route=%2Fwp%2Fv2%2Fmedia&parent=576259"}],"wp:term":[{"taxonomy":"category","embeddable":true,"href":"https:\/\/nugnes.com\/index.php?rest_route=%2Fwp%2Fv2%2Fcategories&post=576259"},{"taxonomy":"post_tag","embeddable":true,"href":"https:\/\/nugnes.com\/index.php?rest_route=%2Fwp%2Fv2%2Ftags&post=576259"}],"curies":[{"name":"wp","href":"https:\/\/api.w.org\/{rel}","templated":true}]}}