{"id":579419,"date":"2024-01-12T15:58:25","date_gmt":"2024-01-12T15:58:25","guid":{"rendered":"https:\/\/www.fanpage.it\/?p=2006221"},"modified":"2024-01-12T15:58:25","modified_gmt":"2024-01-12T15:58:25","slug":"orrico-5s-a-fanpage-bandecchi-e-un-troglodita-mi-ha-zittitita-in-tv-il-conduttore-doveva-cacciarlo","status":"publish","type":"post","link":"https:\/\/nugnes.com\/?p=579419","title":{"rendered":"Orrico (5s) a Fanpage: &#8220;Bandecchi \u00e8 un troglodita, mi ha zittitita in tv, il conduttore doveva cacciarlo&#8221;"},"content":{"rendered":"<img src=\"https:\/\/staticfanpage.akamaized.net\/wp-content\/uploads\/2024\/01\/orrico-bandecchi-300x225.jpg\" \/><br \/>La parlamentare del M5s Anna Laura Orrico \u00e8 stata aggredita verbalmente in tv dal sindaco di Terni Stefano Bandecchi, che l'ha zittita pi\u00f9 volte. La deputata a Fanpage.it: \"Bandecchi \u00e8 un uomo delle caverne, misogino e maschilista, simbolo di una societ\u00e0 patriarcale contro cui pare non abbiamo ancora sviluppato anticorpi a sufficienza\".<br \/><a href=\"https:\/\/www.fanpage.it\/politica\/orrico-5s-a-fanpage-bandecchi-e-un-troglodita-mi-ha-zittitita-in-tv-il-conduttore-doveva-cacciarlo\/\">Continua a leggere<\/a>","protected":false},"excerpt":{"rendered":"<p>La parlamentare del M5s Anna Laura Orrico \u00e8 stata aggredita verbalmente in tv dal sindaco di Terni Stefano Bandecchi, che l&#8217;ha zittita pi\u00f9 volte. La deputata a Fanpage.it: &#8220;Bandecchi \u00e8 un uomo delle caverne, misogino e maschilista, simbolo di una socie&#8230;<\/p>\n","protected":false},"author":83,"featured_media":0,"comment_status":"closed","ping_status":"closed","sticky":false,"template":"","format":"standard","meta":{"om_disable_all_campaigns":false,"_monsterinsights_skip_tracking":false,"_monsterinsights_sitenote_active":false,"_monsterinsights_sitenote_note":"","_monsterinsights_sitenote_category":0,"footnotes":""},"categories":[748],"tags":[],"class_list":["post-579419","post","type-post","status-publish","format-standard","hentry","category-politica-italiana"],"aioseo_notices":[],"_links":{"self":[{"href":"https:\/\/nugnes.com\/index.php?rest_route=\/wp\/v2\/posts\/579419","targetHints":{"allow":["GET"]}}],"collection":[{"href":"https:\/\/nugnes.com\/index.php?rest_route=\/wp\/v2\/posts"}],"about":[{"href":"https:\/\/nugnes.com\/index.php?rest_route=\/wp\/v2\/types\/post"}],"author":[{"embeddable":true,"href":"https:\/\/nugnes.com\/index.php?rest_route=\/wp\/v2\/users\/83"}],"replies":[{"embeddable":true,"href":"https:\/\/nugnes.com\/index.php?rest_route=%2Fwp%2Fv2%2Fcomments&post=579419"}],"version-history":[{"count":1,"href":"https:\/\/nugnes.com\/index.php?rest_route=\/wp\/v2\/posts\/579419\/revisions"}],"predecessor-version":[{"id":579420,"href":"https:\/\/nugnes.com\/index.php?rest_route=\/wp\/v2\/posts\/579419\/revisions\/579420"}],"wp:attachment":[{"href":"https:\/\/nugnes.com\/index.php?rest_route=%2Fwp%2Fv2%2Fmedia&parent=579419"}],"wp:term":[{"taxonomy":"category","embeddable":true,"href":"https:\/\/nugnes.com\/index.php?rest_route=%2Fwp%2Fv2%2Fcategories&post=579419"},{"taxonomy":"post_tag","embeddable":true,"href":"https:\/\/nugnes.com\/index.php?rest_route=%2Fwp%2Fv2%2Ftags&post=579419"}],"curies":[{"name":"wp","href":"https:\/\/api.w.org\/{rel}","templated":true}]}}