{"id":590723,"date":"2024-02-06T19:20:37","date_gmt":"2024-02-06T19:20:37","guid":{"rendered":"https:\/\/www.fanpage.it\/?p=2022348"},"modified":"2024-02-06T19:20:37","modified_gmt":"2024-02-06T19:20:37","slug":"cade-elicottero-in-cile-morto-lex-presidente-sebastian-pinera","status":"publish","type":"post","link":"https:\/\/nugnes.com\/?p=590723","title":{"rendered":"Cade elicottero in Cile, morto l&#8217;ex presidente Sebastian Pi\u00f1era"},"content":{"rendered":"<img src=\"https:\/\/staticfanpage.akamaized.net\/socialmediafanpage\/wp-content\/uploads\/2012\/01\/sebastian-pinera-300x225.jpg\" \/><br \/>L'ex presidente cileno Sebastian Pi\u00f1era \u00e8 morto dopo che l'elicottero privato sul quale viaggiava \u00e8 precipitato. Secondo quanto reso noto, a causare l'incidente sarebbero state le forti piogge.<br \/><a href=\"https:\/\/www.fanpage.it\/attualita\/cade-elicottero-in-cile-morto-lex-presidente-sebastian-pinera\/\">Continua a leggere<\/a>","protected":false},"excerpt":{"rendered":"<p>L&#8217;ex presidente cileno Sebastian Pi\u00f1era \u00e8 morto dopo che l&#8217;elicottero privato sul quale viaggiava \u00e8 precipitato. Secondo quanto reso noto, a causare l&#8217;incidente sarebbero state le forti piogge.Continua a leggere<\/p>\n","protected":false},"author":210,"featured_media":0,"comment_status":"closed","ping_status":"closed","sticky":false,"template":"","format":"standard","meta":{"om_disable_all_campaigns":false,"_monsterinsights_skip_tracking":false,"_monsterinsights_sitenote_active":false,"_monsterinsights_sitenote_note":"","_monsterinsights_sitenote_category":0,"footnotes":""},"categories":[745],"tags":[],"class_list":["post-590723","post","type-post","status-publish","format-standard","hentry","category-attualita"],"aioseo_notices":[],"_links":{"self":[{"href":"https:\/\/nugnes.com\/index.php?rest_route=\/wp\/v2\/posts\/590723","targetHints":{"allow":["GET"]}}],"collection":[{"href":"https:\/\/nugnes.com\/index.php?rest_route=\/wp\/v2\/posts"}],"about":[{"href":"https:\/\/nugnes.com\/index.php?rest_route=\/wp\/v2\/types\/post"}],"author":[{"embeddable":true,"href":"https:\/\/nugnes.com\/index.php?rest_route=\/wp\/v2\/users\/210"}],"replies":[{"embeddable":true,"href":"https:\/\/nugnes.com\/index.php?rest_route=%2Fwp%2Fv2%2Fcomments&post=590723"}],"version-history":[{"count":1,"href":"https:\/\/nugnes.com\/index.php?rest_route=\/wp\/v2\/posts\/590723\/revisions"}],"predecessor-version":[{"id":590724,"href":"https:\/\/nugnes.com\/index.php?rest_route=\/wp\/v2\/posts\/590723\/revisions\/590724"}],"wp:attachment":[{"href":"https:\/\/nugnes.com\/index.php?rest_route=%2Fwp%2Fv2%2Fmedia&parent=590723"}],"wp:term":[{"taxonomy":"category","embeddable":true,"href":"https:\/\/nugnes.com\/index.php?rest_route=%2Fwp%2Fv2%2Fcategories&post=590723"},{"taxonomy":"post_tag","embeddable":true,"href":"https:\/\/nugnes.com\/index.php?rest_route=%2Fwp%2Fv2%2Ftags&post=590723"}],"curies":[{"name":"wp","href":"https:\/\/api.w.org\/{rel}","templated":true}]}}