{"id":590906,"date":"2024-02-07T08:46:11","date_gmt":"2024-02-07T08:46:11","guid":{"rendered":"https:\/\/www.fanpage.it\/roma\/?p=698391"},"modified":"2024-02-07T08:46:11","modified_gmt":"2024-02-07T08:46:11","slug":"strage-di-fidene-lavvocato-delle-vittime-linfermita-mentale-per-noi-e-unipotesi-che-non-esiste","status":"publish","type":"post","link":"https:\/\/nugnes.com\/?p=590906","title":{"rendered":"Strage di Fidene, l&#8217;avvocato delle vittime: &#8220;L&#8217;infermit\u00e0 mentale? Per noi \u00e8 un&#8217;ipotesi che non esiste&#8221;"},"content":{"rendered":"<img src=\"https:\/\/staticfanpage.akamaized.net\/wp-content\/uploads\/sites\/28\/2023\/12\/campiti--300x225.jpg\" \/><br \/>Il processo a Claudio Campiti killer di Fidene deve ancora entrare nel vivo, ma c'\u00e8 gi\u00e0 chi ipotizza che possa essere richiesta l'infermit\u00e0 mentale. \"Ci sono troppe contraddizione\", tuona l'avvocato delle famiglie delle vittime.<br \/><a href=\"https:\/\/www.fanpage.it\/roma\/strage-di-fidene-lavvocato-delle-vittime-linfermita-mentale-per-noi-e-unipotesi-che-non-esiste\/\">Continua a leggere<\/a>","protected":false},"excerpt":{"rendered":"<p>Il processo a Claudio Campiti killer di Fidene deve ancora entrare nel vivo, ma c&#8217;\u00e8 gi\u00e0 chi ipotizza che possa essere richiesta l&#8217;infermit\u00e0 mentale. &#8220;Ci sono troppe contraddizione&#8221;, tuona l&#8217;avvocato delle famiglie delle vittime.Continua a leggere<\/p>\n","protected":false},"author":287,"featured_media":0,"comment_status":"closed","ping_status":"closed","sticky":false,"template":"","format":"standard","meta":{"om_disable_all_campaigns":false,"_monsterinsights_skip_tracking":false,"_monsterinsights_sitenote_active":false,"_monsterinsights_sitenote_note":"","_monsterinsights_sitenote_category":0,"footnotes":""},"categories":[745],"tags":[],"class_list":["post-590906","post","type-post","status-publish","format-standard","hentry","category-attualita"],"aioseo_notices":[],"_links":{"self":[{"href":"https:\/\/nugnes.com\/index.php?rest_route=\/wp\/v2\/posts\/590906","targetHints":{"allow":["GET"]}}],"collection":[{"href":"https:\/\/nugnes.com\/index.php?rest_route=\/wp\/v2\/posts"}],"about":[{"href":"https:\/\/nugnes.com\/index.php?rest_route=\/wp\/v2\/types\/post"}],"author":[{"embeddable":true,"href":"https:\/\/nugnes.com\/index.php?rest_route=\/wp\/v2\/users\/287"}],"replies":[{"embeddable":true,"href":"https:\/\/nugnes.com\/index.php?rest_route=%2Fwp%2Fv2%2Fcomments&post=590906"}],"version-history":[{"count":1,"href":"https:\/\/nugnes.com\/index.php?rest_route=\/wp\/v2\/posts\/590906\/revisions"}],"predecessor-version":[{"id":590907,"href":"https:\/\/nugnes.com\/index.php?rest_route=\/wp\/v2\/posts\/590906\/revisions\/590907"}],"wp:attachment":[{"href":"https:\/\/nugnes.com\/index.php?rest_route=%2Fwp%2Fv2%2Fmedia&parent=590906"}],"wp:term":[{"taxonomy":"category","embeddable":true,"href":"https:\/\/nugnes.com\/index.php?rest_route=%2Fwp%2Fv2%2Fcategories&post=590906"},{"taxonomy":"post_tag","embeddable":true,"href":"https:\/\/nugnes.com\/index.php?rest_route=%2Fwp%2Fv2%2Ftags&post=590906"}],"curies":[{"name":"wp","href":"https:\/\/api.w.org\/{rel}","templated":true}]}}