{"id":592225,"date":"2024-02-09T16:07:49","date_gmt":"2024-02-09T16:07:49","guid":{"rendered":"https:\/\/www.fanpage.it\/spettacolo\/?p=231120"},"modified":"2024-02-09T16:07:49","modified_gmt":"2024-02-09T16:07:49","slug":"ll-coro-artemia-a-sanremo-2024-con-annalisa-dalla-collaborazione-con-elisa-al-palco-dellariston","status":"publish","type":"post","link":"https:\/\/nugnes.com\/?p=592225","title":{"rendered":"ll Coro Artemia a Sanremo 2024 con Annalisa: dalla collaborazione con Elisa al palco dell&#8217;Ariston"},"content":{"rendered":"<img src=\"https:\/\/staticfanpage.akamaized.net\/wp-content\/uploads\/sites\/25\/2024\/02\/piccolocoroartemia-300x225.jpeg\" \/><br \/>In occasione delle serate cover Il Piccolo Coro Artem\u00eca di Torviscosa si esibir\u00e0 al fianco di Annalisa e La Rappresentate di Lista. Non \u00e8 la prima volta che il coro divide il palco con cantanti di successo.<br \/><a href=\"https:\/\/www.fanpage.it\/spettacolo\/eventi\/ll-coro-artemia-a-sanremo-2024-con-annalisa-dalla-collaborazione-con-elisa-al-palco-dellariston\/\">Continua a leggere<\/a>","protected":false},"excerpt":{"rendered":"<p>In occasione delle serate cover Il Piccolo Coro Artem\u00eca di Torviscosa si esibir\u00e0 al fianco di Annalisa e La Rappresentate di Lista. Non \u00e8 la prima volta che il coro divide il palco con cantanti di successo.Continua a leggere<\/p>\n","protected":false},"author":566,"featured_media":0,"comment_status":"closed","ping_status":"closed","sticky":false,"template":"","format":"standard","meta":{"om_disable_all_campaigns":false,"_monsterinsights_skip_tracking":false,"_monsterinsights_sitenote_active":false,"_monsterinsights_sitenote_note":"","_monsterinsights_sitenote_category":0,"footnotes":""},"categories":[1396],"tags":[],"class_list":["post-592225","post","type-post","status-publish","format-standard","hentry","category-eventi-e-festival"],"aioseo_notices":[],"_links":{"self":[{"href":"https:\/\/nugnes.com\/index.php?rest_route=\/wp\/v2\/posts\/592225","targetHints":{"allow":["GET"]}}],"collection":[{"href":"https:\/\/nugnes.com\/index.php?rest_route=\/wp\/v2\/posts"}],"about":[{"href":"https:\/\/nugnes.com\/index.php?rest_route=\/wp\/v2\/types\/post"}],"author":[{"embeddable":true,"href":"https:\/\/nugnes.com\/index.php?rest_route=\/wp\/v2\/users\/566"}],"replies":[{"embeddable":true,"href":"https:\/\/nugnes.com\/index.php?rest_route=%2Fwp%2Fv2%2Fcomments&post=592225"}],"version-history":[{"count":1,"href":"https:\/\/nugnes.com\/index.php?rest_route=\/wp\/v2\/posts\/592225\/revisions"}],"predecessor-version":[{"id":592226,"href":"https:\/\/nugnes.com\/index.php?rest_route=\/wp\/v2\/posts\/592225\/revisions\/592226"}],"wp:attachment":[{"href":"https:\/\/nugnes.com\/index.php?rest_route=%2Fwp%2Fv2%2Fmedia&parent=592225"}],"wp:term":[{"taxonomy":"category","embeddable":true,"href":"https:\/\/nugnes.com\/index.php?rest_route=%2Fwp%2Fv2%2Fcategories&post=592225"},{"taxonomy":"post_tag","embeddable":true,"href":"https:\/\/nugnes.com\/index.php?rest_route=%2Fwp%2Fv2%2Ftags&post=592225"}],"curies":[{"name":"wp","href":"https:\/\/api.w.org\/{rel}","templated":true}]}}