{"id":592227,"date":"2024-02-09T16:01:45","date_gmt":"2024-02-09T16:01:45","guid":{"rendered":"https:\/\/www.fanpage.it\/spettacolo\/?p=235430"},"modified":"2024-02-09T16:01:45","modified_gmt":"2024-02-09T16:01:45","slug":"dargen-damico-e-la-battuta-a-sabrina-ferilli-sul-palco-di-sanremo-2024-in-tre-e-piu-divertente","status":"publish","type":"post","link":"https:\/\/nugnes.com\/?p=592227","title":{"rendered":"Dargen D&#8217;Amico e la battuta a Sabrina Ferilli sul palco di Sanremo 2024: &#8220;In tre \u00e8 pi\u00f9 divertente&#8221;"},"content":{"rendered":"<img src=\"https:\/\/staticfanpage.akamaized.net\/wp-content\/uploads\/sites\/25\/2024\/02\/21867946_large-300x225.jpeg\" \/><br \/>Dargen D'Amico, sul palco della terza serata del Festival di Sanremo, ha fatto una battuta a Sabrina Ferilli che non \u00e8 passata inosservata sui social, diventando in breve virale. \"Come mai c'\u00e8 questo giro di tre persone per leggere un nome?\", ha scherzato l'attrice romana. \"Perch\u00e9 in tre \u00e8 pi\u00f9 divertente\", ha risposto il cantante.<br \/><a href=\"https:\/\/www.fanpage.it\/spettacolo\/eventi\/dargen-damico-e-la-battuta-a-sabrina-ferilli-sul-palco-di-sanremo-2024-in-tre-e-piu-divertente\/\">Continua a leggere<\/a>","protected":false},"excerpt":{"rendered":"<p>Dargen D&#8217;Amico, sul palco della terza serata del Festival di Sanremo, ha fatto una battuta a Sabrina Ferilli che non \u00e8 passata inosservata sui social, diventando in breve virale. &#8220;Come mai c&#8217;\u00e8 questo giro di tre persone per leggere un nome?&#8221;, ha scherz&#8230;<\/p>\n","protected":false},"author":275,"featured_media":0,"comment_status":"closed","ping_status":"closed","sticky":false,"template":"","format":"standard","meta":{"om_disable_all_campaigns":false,"_monsterinsights_skip_tracking":false,"_monsterinsights_sitenote_active":false,"_monsterinsights_sitenote_note":"","_monsterinsights_sitenote_category":0,"footnotes":""},"categories":[1396],"tags":[],"class_list":["post-592227","post","type-post","status-publish","format-standard","hentry","category-eventi-e-festival"],"aioseo_notices":[],"_links":{"self":[{"href":"https:\/\/nugnes.com\/index.php?rest_route=\/wp\/v2\/posts\/592227","targetHints":{"allow":["GET"]}}],"collection":[{"href":"https:\/\/nugnes.com\/index.php?rest_route=\/wp\/v2\/posts"}],"about":[{"href":"https:\/\/nugnes.com\/index.php?rest_route=\/wp\/v2\/types\/post"}],"author":[{"embeddable":true,"href":"https:\/\/nugnes.com\/index.php?rest_route=\/wp\/v2\/users\/275"}],"replies":[{"embeddable":true,"href":"https:\/\/nugnes.com\/index.php?rest_route=%2Fwp%2Fv2%2Fcomments&post=592227"}],"version-history":[{"count":1,"href":"https:\/\/nugnes.com\/index.php?rest_route=\/wp\/v2\/posts\/592227\/revisions"}],"predecessor-version":[{"id":592228,"href":"https:\/\/nugnes.com\/index.php?rest_route=\/wp\/v2\/posts\/592227\/revisions\/592228"}],"wp:attachment":[{"href":"https:\/\/nugnes.com\/index.php?rest_route=%2Fwp%2Fv2%2Fmedia&parent=592227"}],"wp:term":[{"taxonomy":"category","embeddable":true,"href":"https:\/\/nugnes.com\/index.php?rest_route=%2Fwp%2Fv2%2Fcategories&post=592227"},{"taxonomy":"post_tag","embeddable":true,"href":"https:\/\/nugnes.com\/index.php?rest_route=%2Fwp%2Fv2%2Ftags&post=592227"}],"curies":[{"name":"wp","href":"https:\/\/api.w.org\/{rel}","templated":true}]}}