{"id":593962,"date":"2024-02-13T10:33:51","date_gmt":"2024-02-13T10:33:51","guid":{"rendered":"https:\/\/www.fanpage.it\/?p=2026074"},"modified":"2024-02-13T10:33:51","modified_gmt":"2024-02-13T10:33:51","slug":"e-morto-ugo-intini-storico-esponente-del-partito-socialista-italiano","status":"publish","type":"post","link":"https:\/\/nugnes.com\/?p=593962","title":{"rendered":"\u00c8 morto Ugo Intini, storico esponente del Partito socialista italiano"},"content":{"rendered":"<img src=\"https:\/\/staticfanpage.akamaized.net\/wp-content\/uploads\/2024\/02\/4408845_small-300x225.jpg\" \/><br \/>\u00c8 morto ieri sera, all'et\u00e0 di 82 anni, Ugo Intini, storico esponente del Psi. Parlamentare per quattro legislature, \u00e8 stato anche sottosegretario agli Esteri nel governo Amato e nel governo Prodi. \u00c8 stato anche portavoce del partito a fianco di Bettino Craxi.<br \/><a href=\"https:\/\/www.fanpage.it\/politica\/e-morto-ugo-intini-storico-esponente-del-partito-socialista-italiano\/\">Continua a leggere<\/a>","protected":false},"excerpt":{"rendered":"<p>\u00c8 morto ieri sera, all&#8217;et\u00e0 di 82 anni, Ugo Intini, storico esponente del Psi. Parlamentare per quattro legislature, \u00e8 stato anche sottosegretario agli Esteri nel governo Amato e nel governo Prodi. \u00c8 stato anche portavoce del partito a fianco di Bettino&#8230;<\/p>\n","protected":false},"author":104,"featured_media":0,"comment_status":"closed","ping_status":"closed","sticky":false,"template":"","format":"standard","meta":{"om_disable_all_campaigns":false,"_monsterinsights_skip_tracking":false,"_monsterinsights_sitenote_active":false,"_monsterinsights_sitenote_note":"","_monsterinsights_sitenote_category":0,"footnotes":""},"categories":[748],"tags":[],"class_list":["post-593962","post","type-post","status-publish","format-standard","hentry","category-politica-italiana"],"aioseo_notices":[],"_links":{"self":[{"href":"https:\/\/nugnes.com\/index.php?rest_route=\/wp\/v2\/posts\/593962","targetHints":{"allow":["GET"]}}],"collection":[{"href":"https:\/\/nugnes.com\/index.php?rest_route=\/wp\/v2\/posts"}],"about":[{"href":"https:\/\/nugnes.com\/index.php?rest_route=\/wp\/v2\/types\/post"}],"author":[{"embeddable":true,"href":"https:\/\/nugnes.com\/index.php?rest_route=\/wp\/v2\/users\/104"}],"replies":[{"embeddable":true,"href":"https:\/\/nugnes.com\/index.php?rest_route=%2Fwp%2Fv2%2Fcomments&post=593962"}],"version-history":[{"count":1,"href":"https:\/\/nugnes.com\/index.php?rest_route=\/wp\/v2\/posts\/593962\/revisions"}],"predecessor-version":[{"id":593963,"href":"https:\/\/nugnes.com\/index.php?rest_route=\/wp\/v2\/posts\/593962\/revisions\/593963"}],"wp:attachment":[{"href":"https:\/\/nugnes.com\/index.php?rest_route=%2Fwp%2Fv2%2Fmedia&parent=593962"}],"wp:term":[{"taxonomy":"category","embeddable":true,"href":"https:\/\/nugnes.com\/index.php?rest_route=%2Fwp%2Fv2%2Fcategories&post=593962"},{"taxonomy":"post_tag","embeddable":true,"href":"https:\/\/nugnes.com\/index.php?rest_route=%2Fwp%2Fv2%2Ftags&post=593962"}],"curies":[{"name":"wp","href":"https:\/\/api.w.org\/{rel}","templated":true}]}}