{"id":594217,"date":"2024-02-13T17:00:46","date_gmt":"2024-02-13T17:00:46","guid":{"rendered":"https:\/\/www.fanpage.it\/stile-e-trend\/?p=170835"},"modified":"2024-02-13T17:00:46","modified_gmt":"2024-02-13T17:00:46","slug":"perche-san-valentino-si-festeggia-il-14-febbraio-ed-e-il-santo-degli-innamorati","status":"publish","type":"post","link":"https:\/\/nugnes.com\/?p=594217","title":{"rendered":"Perch\u00e9 San Valentino si festeggia il 14 febbraio ed \u00e8 il Santo degli innamorati"},"content":{"rendered":"<img src=\"https:\/\/staticfanpage.akamaized.net\/wp-content\/uploads\/sites\/33\/2024\/02\/san-valentino-300x225.jpeg\" \/><br \/>Il 14 febbraio \u00e8 san Valentino. Ma perch\u00e9 \u00e8 stato scelto questo giorno e cosa ha a che fare il santo con gli innamorati? Ecco qual \u00e8 il significato della ricorrenza e le origini della festa.<br \/><a href=\"https:\/\/www.fanpage.it\/stile-e-trend\/moda\/perche-san-valentino-si-festeggia-il-14-febbraio-ed-e-il-santo-degli-innamorati\/\">Continua a leggere<\/a>","protected":false},"excerpt":{"rendered":"<p>Il 14 febbraio \u00e8 san Valentino. Ma perch\u00e9 \u00e8 stato scelto questo giorno e cosa ha a che fare il santo con gli innamorati? Ecco qual \u00e8 il significato della ricorrenza e le origini della festa.Continua a leggere<\/p>\n","protected":false},"author":224,"featured_media":0,"comment_status":"closed","ping_status":"closed","sticky":false,"template":"","format":"standard","meta":{"om_disable_all_campaigns":false,"_monsterinsights_skip_tracking":false,"_monsterinsights_sitenote_active":false,"_monsterinsights_sitenote_note":"","_monsterinsights_sitenote_category":0,"footnotes":""},"categories":[1388],"tags":[],"class_list":["post-594217","post","type-post","status-publish","format-standard","hentry","category-moda-e-lifestyle"],"aioseo_notices":[],"_links":{"self":[{"href":"https:\/\/nugnes.com\/index.php?rest_route=\/wp\/v2\/posts\/594217","targetHints":{"allow":["GET"]}}],"collection":[{"href":"https:\/\/nugnes.com\/index.php?rest_route=\/wp\/v2\/posts"}],"about":[{"href":"https:\/\/nugnes.com\/index.php?rest_route=\/wp\/v2\/types\/post"}],"author":[{"embeddable":true,"href":"https:\/\/nugnes.com\/index.php?rest_route=\/wp\/v2\/users\/224"}],"replies":[{"embeddable":true,"href":"https:\/\/nugnes.com\/index.php?rest_route=%2Fwp%2Fv2%2Fcomments&post=594217"}],"version-history":[{"count":1,"href":"https:\/\/nugnes.com\/index.php?rest_route=\/wp\/v2\/posts\/594217\/revisions"}],"predecessor-version":[{"id":594218,"href":"https:\/\/nugnes.com\/index.php?rest_route=\/wp\/v2\/posts\/594217\/revisions\/594218"}],"wp:attachment":[{"href":"https:\/\/nugnes.com\/index.php?rest_route=%2Fwp%2Fv2%2Fmedia&parent=594217"}],"wp:term":[{"taxonomy":"category","embeddable":true,"href":"https:\/\/nugnes.com\/index.php?rest_route=%2Fwp%2Fv2%2Fcategories&post=594217"},{"taxonomy":"post_tag","embeddable":true,"href":"https:\/\/nugnes.com\/index.php?rest_route=%2Fwp%2Fv2%2Ftags&post=594217"}],"curies":[{"name":"wp","href":"https:\/\/api.w.org\/{rel}","templated":true}]}}