{"id":604797,"date":"2024-03-06T13:08:38","date_gmt":"2024-03-06T13:08:38","guid":{"rendered":"https:\/\/www.fanpage.it\/roma\/?p=702723"},"modified":"2024-03-06T13:08:38","modified_gmt":"2024-03-06T13:08:38","slug":"papa-francesco-celebrera-la-messa-del-giovedi-santo-nel-carcere-femminile-di-rebibbia","status":"publish","type":"post","link":"https:\/\/nugnes.com\/?p=604797","title":{"rendered":"Papa Francesco celebrer\u00e0 la messa del Gioved\u00ec Santo nel carcere femminile di Rebibbia"},"content":{"rendered":"<img src=\"https:\/\/staticfanpage.akamaized.net\/wp-content\/uploads\/sites\/28\/2024\/03\/papa-francesco-carcere-rebibbia-300x225.jpg\" \/><br \/>Gioved\u00ec Santo Papa Francesco celebrer\u00e0 la messa in Coena Domini nel carcere femminile di Rebibbia. Incontrer\u00e0 detenute e operatori.<br \/><a href=\"https:\/\/www.fanpage.it\/roma\/papa-francesco-celebrera-la-messa-del-giovedi-santo-nel-carcere-femminile-di-rebibbia\/\">Continua a leggere<\/a>","protected":false},"excerpt":{"rendered":"<p>Gioved\u00ec Santo Papa Francesco celebrer\u00e0 la messa in Coena Domini nel carcere femminile di Rebibbia. Incontrer\u00e0 detenute e operatori.Continua a leggere<\/p>\n","protected":false},"author":99,"featured_media":0,"comment_status":"closed","ping_status":"closed","sticky":false,"template":"","format":"standard","meta":{"om_disable_all_campaigns":false,"_monsterinsights_skip_tracking":false,"_monsterinsights_sitenote_active":false,"_monsterinsights_sitenote_note":"","_monsterinsights_sitenote_category":0,"footnotes":""},"categories":[745],"tags":[],"class_list":["post-604797","post","type-post","status-publish","format-standard","hentry","category-attualita"],"aioseo_notices":[],"_links":{"self":[{"href":"https:\/\/nugnes.com\/index.php?rest_route=\/wp\/v2\/posts\/604797","targetHints":{"allow":["GET"]}}],"collection":[{"href":"https:\/\/nugnes.com\/index.php?rest_route=\/wp\/v2\/posts"}],"about":[{"href":"https:\/\/nugnes.com\/index.php?rest_route=\/wp\/v2\/types\/post"}],"author":[{"embeddable":true,"href":"https:\/\/nugnes.com\/index.php?rest_route=\/wp\/v2\/users\/99"}],"replies":[{"embeddable":true,"href":"https:\/\/nugnes.com\/index.php?rest_route=%2Fwp%2Fv2%2Fcomments&post=604797"}],"version-history":[{"count":1,"href":"https:\/\/nugnes.com\/index.php?rest_route=\/wp\/v2\/posts\/604797\/revisions"}],"predecessor-version":[{"id":604798,"href":"https:\/\/nugnes.com\/index.php?rest_route=\/wp\/v2\/posts\/604797\/revisions\/604798"}],"wp:attachment":[{"href":"https:\/\/nugnes.com\/index.php?rest_route=%2Fwp%2Fv2%2Fmedia&parent=604797"}],"wp:term":[{"taxonomy":"category","embeddable":true,"href":"https:\/\/nugnes.com\/index.php?rest_route=%2Fwp%2Fv2%2Fcategories&post=604797"},{"taxonomy":"post_tag","embeddable":true,"href":"https:\/\/nugnes.com\/index.php?rest_route=%2Fwp%2Fv2%2Ftags&post=604797"}],"curies":[{"name":"wp","href":"https:\/\/api.w.org\/{rel}","templated":true}]}}