{"id":612656,"date":"2024-03-22T16:08:01","date_gmt":"2024-03-22T16:08:01","guid":{"rendered":"https:\/\/www.fanpage.it\/milano\/?p=263800"},"modified":"2024-03-22T16:08:01","modified_gmt":"2024-03-22T16:08:01","slug":"come-sta-la-ragazzina-di-14-anni-accoltellate-da-una-15-enne-fuori-scuola-a-salo-le-sue-condizioni","status":"publish","type":"post","link":"https:\/\/nugnes.com\/?p=612656","title":{"rendered":"Come sta la ragazzina di 14 anni accoltellate da una 15 enne fuori scuola a Sal\u00f2: le sue condizioni"},"content":{"rendered":"<img src=\"https:\/\/staticfanpage.akamaized.net\/wp-content\/uploads\/sites\/29\/2024\/03\/salo-300x225.jpg\" \/><br \/>La 14enne che \u00e8 stata accoltellata a Sal\u00f2 (Brescia) da una compagna di classe di 15 anni \u00e8 ancora ricoverata in ospedale in gravi condizioni. Fortunatamente non \u00e8 in pericolo di vita.<br \/><a href=\"https:\/\/www.fanpage.it\/milano\/come-sta-la-ragazzina-di-14-anni-accoltellate-da-una-15-enne-fuori-scuola-a-salo-le-sue-condizioni\/\">Continua a leggere<\/a>","protected":false},"excerpt":{"rendered":"<p>La 14enne che \u00e8 stata accoltellata a Sal\u00f2 (Brescia) da una compagna di classe di 15 anni \u00e8 ancora ricoverata in ospedale in gravi condizioni. Fortunatamente non \u00e8 in pericolo di vita.Continua a leggere<\/p>\n","protected":false},"author":208,"featured_media":0,"comment_status":"closed","ping_status":"closed","sticky":false,"template":"","format":"standard","meta":{"om_disable_all_campaigns":false,"_monsterinsights_skip_tracking":false,"_monsterinsights_sitenote_active":false,"_monsterinsights_sitenote_note":"","_monsterinsights_sitenote_category":0,"footnotes":""},"categories":[745,461,10,236],"tags":[],"class_list":["post-612656","post","type-post","status-publish","format-standard","hentry","category-attualita","category-brescia","category-cronaca","category-lombardia"],"aioseo_notices":[],"_links":{"self":[{"href":"https:\/\/nugnes.com\/index.php?rest_route=\/wp\/v2\/posts\/612656","targetHints":{"allow":["GET"]}}],"collection":[{"href":"https:\/\/nugnes.com\/index.php?rest_route=\/wp\/v2\/posts"}],"about":[{"href":"https:\/\/nugnes.com\/index.php?rest_route=\/wp\/v2\/types\/post"}],"author":[{"embeddable":true,"href":"https:\/\/nugnes.com\/index.php?rest_route=\/wp\/v2\/users\/208"}],"replies":[{"embeddable":true,"href":"https:\/\/nugnes.com\/index.php?rest_route=%2Fwp%2Fv2%2Fcomments&post=612656"}],"version-history":[{"count":1,"href":"https:\/\/nugnes.com\/index.php?rest_route=\/wp\/v2\/posts\/612656\/revisions"}],"predecessor-version":[{"id":612657,"href":"https:\/\/nugnes.com\/index.php?rest_route=\/wp\/v2\/posts\/612656\/revisions\/612657"}],"wp:attachment":[{"href":"https:\/\/nugnes.com\/index.php?rest_route=%2Fwp%2Fv2%2Fmedia&parent=612656"}],"wp:term":[{"taxonomy":"category","embeddable":true,"href":"https:\/\/nugnes.com\/index.php?rest_route=%2Fwp%2Fv2%2Fcategories&post=612656"},{"taxonomy":"post_tag","embeddable":true,"href":"https:\/\/nugnes.com\/index.php?rest_route=%2Fwp%2Fv2%2Ftags&post=612656"}],"curies":[{"name":"wp","href":"https:\/\/api.w.org\/{rel}","templated":true}]}}