{"id":612682,"date":"2024-03-22T15:28:23","date_gmt":"2024-03-22T15:28:23","guid":{"rendered":"https:\/\/www.fanpage.it\/milano\/?p=263788"},"modified":"2024-03-22T15:28:23","modified_gmt":"2024-03-22T15:28:23","slug":"sciopero-trenord-il-23-e-24-marzo-2024-gli-orari-e-i-treni-garantiti-a-milano-e-in-lombardia","status":"publish","type":"post","link":"https:\/\/nugnes.com\/?p=612682","title":{"rendered":"Sciopero Trenord il 23 e 24 marzo 2024, gli orari e i treni garantiti a Milano e in Lombardia"},"content":{"rendered":"<img src=\"https:\/\/staticfanpage.akamaized.net\/wp-content\/uploads\/sites\/3\/2016\/08\/trenord-inivestimento-300x225.jpg\" \/><br \/>Dalle ore 21.00 di sabato 23 marzo alle ore 21.00 di domenica 24 marzo 2024 \u00e8 in programma uno sciopero nazionale del trasporto ferroviario, che coinvolge anche Trenord e che \u00e8 stato indetto dai sindacati Cub Trasporti, Sgb e Usb. Trattandosi di una giornata festiva, Trenord avvisa che non \u00e8 possibile istituire le fasce orarie di garanzia.<br \/><a href=\"https:\/\/www.fanpage.it\/milano\/sciopero-trenord-il-23-e-24-marzo-2024-gli-orari-e-i-treni-garantiti-a-milano-e-in-lombardia\/\">Continua a leggere<\/a>","protected":false},"excerpt":{"rendered":"<p>Dalle ore 21.00 di sabato 23 marzo alle ore 21.00 di domenica 24 marzo 2024 \u00e8 in programma uno sciopero nazionale del trasporto ferroviario, che coinvolge anche Trenord e che \u00e8 stato indetto dai sindacati Cub Trasporti, Sgb e Usb. Trattandosi di una gi&#8230;<\/p>\n","protected":false},"author":208,"featured_media":0,"comment_status":"closed","ping_status":"closed","sticky":false,"template":"","format":"standard","meta":{"om_disable_all_campaigns":false,"_monsterinsights_skip_tracking":false,"_monsterinsights_sitenote_active":false,"_monsterinsights_sitenote_note":"","_monsterinsights_sitenote_category":0,"footnotes":""},"categories":[745,236,1015,753],"tags":[],"class_list":["post-612682","post","type-post","status-publish","format-standard","hentry","category-attualita","category-lombardia","category-scioperi-dei-trasporti","category-trasporti"],"aioseo_notices":[],"_links":{"self":[{"href":"https:\/\/nugnes.com\/index.php?rest_route=\/wp\/v2\/posts\/612682","targetHints":{"allow":["GET"]}}],"collection":[{"href":"https:\/\/nugnes.com\/index.php?rest_route=\/wp\/v2\/posts"}],"about":[{"href":"https:\/\/nugnes.com\/index.php?rest_route=\/wp\/v2\/types\/post"}],"author":[{"embeddable":true,"href":"https:\/\/nugnes.com\/index.php?rest_route=\/wp\/v2\/users\/208"}],"replies":[{"embeddable":true,"href":"https:\/\/nugnes.com\/index.php?rest_route=%2Fwp%2Fv2%2Fcomments&post=612682"}],"version-history":[{"count":1,"href":"https:\/\/nugnes.com\/index.php?rest_route=\/wp\/v2\/posts\/612682\/revisions"}],"predecessor-version":[{"id":612683,"href":"https:\/\/nugnes.com\/index.php?rest_route=\/wp\/v2\/posts\/612682\/revisions\/612683"}],"wp:attachment":[{"href":"https:\/\/nugnes.com\/index.php?rest_route=%2Fwp%2Fv2%2Fmedia&parent=612682"}],"wp:term":[{"taxonomy":"category","embeddable":true,"href":"https:\/\/nugnes.com\/index.php?rest_route=%2Fwp%2Fv2%2Fcategories&post=612682"},{"taxonomy":"post_tag","embeddable":true,"href":"https:\/\/nugnes.com\/index.php?rest_route=%2Fwp%2Fv2%2Ftags&post=612682"}],"curies":[{"name":"wp","href":"https:\/\/api.w.org\/{rel}","templated":true}]}}