{"id":617294,"date":"2024-07-01T19:46:21","date_gmt":"2024-07-01T19:46:21","guid":{"rendered":"https:\/\/www.fanpage.it\/?p=2123906"},"modified":"2024-07-01T19:46:21","modified_gmt":"2024-07-01T19:46:21","slug":"liliana-segre-io-i-motti-nazisti-li-ho-sentiti-per-davvero-antisemitismo-non-sara-mai-sradicato","status":"publish","type":"post","link":"https:\/\/nugnes.com\/?p=617294","title":{"rendered":"Liliana Segre: &#8220;Io i motti nazisti li ho sentiti per davvero, antisemitismo non sar\u00e0 mai sradicato&#8221;"},"content":{"rendered":"<img src=\"https:\/\/staticfanpage.akamaized.net\/wp-content\/uploads\/2024\/07\/22340765_small-300x225.jpg\" \/><br \/>\"Credo che queste derive ci siano sempre state, nascoste, non esibite ma sempre l\u00ec. Credo che con questo governo si approfitti del grande potere della destra, che \u00e8 stata votata, non ci si vergogni pi\u00f9 di nulla. Questi motti nazisti, che purtroppo io ricordo in modo diretto e non per sentito dire, alla mia et\u00e0 devo risentirli?\": lo ha detto Liliana Segre nella sua intervista a La7.<br \/><a href=\"https:\/\/www.fanpage.it\/politica\/liliana-segre-io-i-motti-nazisti-li-ho-sentiti-per-davvero-antisemitismo-non-sara-mai-sradicato\/\">Continua a leggere<\/a>","protected":false},"excerpt":{"rendered":"<p>&#8220;Credo che queste derive ci siano sempre state, nascoste, non esibite ma sempre l\u00ec. Credo che con questo governo si approfitti del grande potere della destra, che \u00e8 stata votata, non ci si vergogni pi\u00f9 di nulla. Questi motti nazisti, che purtroppo io r&#8230;<\/p>\n","protected":false},"author":104,"featured_media":0,"comment_status":"closed","ping_status":"closed","sticky":false,"template":"","format":"standard","meta":{"om_disable_all_campaigns":false,"_monsterinsights_skip_tracking":false,"_monsterinsights_sitenote_active":false,"_monsterinsights_sitenote_note":"","_monsterinsights_sitenote_category":0,"footnotes":""},"categories":[748],"tags":[],"class_list":["post-617294","post","type-post","status-publish","format-standard","hentry","category-politica-italiana"],"aioseo_notices":[],"_links":{"self":[{"href":"https:\/\/nugnes.com\/index.php?rest_route=\/wp\/v2\/posts\/617294","targetHints":{"allow":["GET"]}}],"collection":[{"href":"https:\/\/nugnes.com\/index.php?rest_route=\/wp\/v2\/posts"}],"about":[{"href":"https:\/\/nugnes.com\/index.php?rest_route=\/wp\/v2\/types\/post"}],"author":[{"embeddable":true,"href":"https:\/\/nugnes.com\/index.php?rest_route=\/wp\/v2\/users\/104"}],"replies":[{"embeddable":true,"href":"https:\/\/nugnes.com\/index.php?rest_route=%2Fwp%2Fv2%2Fcomments&post=617294"}],"version-history":[{"count":1,"href":"https:\/\/nugnes.com\/index.php?rest_route=\/wp\/v2\/posts\/617294\/revisions"}],"predecessor-version":[{"id":617295,"href":"https:\/\/nugnes.com\/index.php?rest_route=\/wp\/v2\/posts\/617294\/revisions\/617295"}],"wp:attachment":[{"href":"https:\/\/nugnes.com\/index.php?rest_route=%2Fwp%2Fv2%2Fmedia&parent=617294"}],"wp:term":[{"taxonomy":"category","embeddable":true,"href":"https:\/\/nugnes.com\/index.php?rest_route=%2Fwp%2Fv2%2Fcategories&post=617294"},{"taxonomy":"post_tag","embeddable":true,"href":"https:\/\/nugnes.com\/index.php?rest_route=%2Fwp%2Fv2%2Ftags&post=617294"}],"curies":[{"name":"wp","href":"https:\/\/api.w.org\/{rel}","templated":true}]}}