{"id":617296,"date":"2024-07-01T19:44:27","date_gmt":"2024-07-01T19:44:27","guid":{"rendered":"https:\/\/www.fanpage.it\/spettacolo\/?p=279446"},"modified":"2024-07-01T19:44:27","modified_gmt":"2024-07-01T19:44:27","slug":"chi-e-corrado-sassu-lagente-immobiliare-di-casa-a-prima-vista","status":"publish","type":"post","link":"https:\/\/nugnes.com\/?p=617296","title":{"rendered":"Chi \u00e8 Corrado Sassu, l\u2019agente immobiliare di Casa a prima vista"},"content":{"rendered":"<img src=\"https:\/\/staticfanpage.akamaized.net\/wp-content\/uploads\/sites\/25\/2024\/07\/Screenshot-2024-07-01-alle-20-1719858803208-300x225.jpg\" \/><br \/>Corrado Sassu \u00e8 uno degli agenti immobiliari romani di Casa a Prima Vista, insieme a Nadia Mayer e Blasco Pulieri. Ha 34 anni, \u00e8 nato e cresciuto a Roma e all'et\u00e0 di 23 anni ha aperto la sua agenzia, che oggi conta cinque punti vendita tra la Capitale e il litorale romano.<br \/><a href=\"https:\/\/www.fanpage.it\/spettacolo\/programmi-tv\/chi-e-corrado-sassu-lagente-immobiliare-di-casa-a-prima-vista\/\">Continua a leggere<\/a>","protected":false},"excerpt":{"rendered":"<p>Corrado Sassu \u00e8 uno degli agenti immobiliari romani di Casa a Prima Vista, insieme a Nadia Mayer e Blasco Pulieri. Ha 34 anni, \u00e8 nato e cresciuto a Roma e all&#8217;et\u00e0 di 23 anni ha aperto la sua agenzia, che oggi conta cinque punti vendita tra la Capitale &#8230;<\/p>\n","protected":false},"author":275,"featured_media":0,"comment_status":"closed","ping_status":"closed","sticky":false,"template":"","format":"standard","meta":{"om_disable_all_campaigns":false,"_monsterinsights_skip_tracking":false,"_monsterinsights_sitenote_active":false,"_monsterinsights_sitenote_note":"","_monsterinsights_sitenote_category":0,"footnotes":""},"categories":[752],"tags":[],"class_list":["post-617296","post","type-post","status-publish","format-standard","hentry","category-programmi-tv"],"aioseo_notices":[],"_links":{"self":[{"href":"https:\/\/nugnes.com\/index.php?rest_route=\/wp\/v2\/posts\/617296","targetHints":{"allow":["GET"]}}],"collection":[{"href":"https:\/\/nugnes.com\/index.php?rest_route=\/wp\/v2\/posts"}],"about":[{"href":"https:\/\/nugnes.com\/index.php?rest_route=\/wp\/v2\/types\/post"}],"author":[{"embeddable":true,"href":"https:\/\/nugnes.com\/index.php?rest_route=\/wp\/v2\/users\/275"}],"replies":[{"embeddable":true,"href":"https:\/\/nugnes.com\/index.php?rest_route=%2Fwp%2Fv2%2Fcomments&post=617296"}],"version-history":[{"count":1,"href":"https:\/\/nugnes.com\/index.php?rest_route=\/wp\/v2\/posts\/617296\/revisions"}],"predecessor-version":[{"id":617297,"href":"https:\/\/nugnes.com\/index.php?rest_route=\/wp\/v2\/posts\/617296\/revisions\/617297"}],"wp:attachment":[{"href":"https:\/\/nugnes.com\/index.php?rest_route=%2Fwp%2Fv2%2Fmedia&parent=617296"}],"wp:term":[{"taxonomy":"category","embeddable":true,"href":"https:\/\/nugnes.com\/index.php?rest_route=%2Fwp%2Fv2%2Fcategories&post=617296"},{"taxonomy":"post_tag","embeddable":true,"href":"https:\/\/nugnes.com\/index.php?rest_route=%2Fwp%2Fv2%2Ftags&post=617296"}],"curies":[{"name":"wp","href":"https:\/\/api.w.org\/{rel}","templated":true}]}}