{"id":617381,"date":"2024-07-02T06:13:17","date_gmt":"2024-07-02T06:13:17","guid":{"rendered":"https:\/\/www.fanpage.it\/?p=2123972"},"modified":"2024-07-02T06:13:17","modified_gmt":"2024-07-02T06:13:17","slug":"inchiesta-fanpage-schlein-meloni-sa-che-in-fdi-ci-sono-idee-antisemite-e-razziste-deve-fare-pulizia","status":"publish","type":"post","link":"https:\/\/nugnes.com\/?p=617381","title":{"rendered":"Inchiesta Fanpage, Schlein: &#8220;Meloni sa che in FdI ci sono idee antisemite e razziste, deve fare pulizia&#8221;"},"content":{"rendered":"<img src=\"https:\/\/staticfanpage.akamaized.net\/wp-content\/uploads\/2024\/07\/22364140_small-300x225.jpg\" \/><br \/>La segretaria del Pd Elly Schlein ha chiesto a Giorgia Meloni di prendere una posizione pi\u00f9 netta dopo l'inchiesta di Fanpage su Giovent\u00f9 nazionale: \"O \u00e8 pienamente consapevole che dentro il suo partito ci sono quelle idee oppure \u00e8 la leader politica pi\u00f9 sbadata della storia\", eppure invece di \"ringraziare\" i giornalisti ha \"attaccato la libert\u00e0 di stampa\".<br \/><a href=\"https:\/\/www.fanpage.it\/politica\/inchiesta-fanpage-schlein-meloni-sa-che-in-fdi-ci-sono-idee-antisemite-e-razziste-deve-fare-pulizia\/\">Continua a leggere<\/a>","protected":false},"excerpt":{"rendered":"<p>La segretaria del Pd Elly Schlein ha chiesto a Giorgia Meloni di prendere una posizione pi\u00f9 netta dopo l&#8217;inchiesta di Fanpage su Giovent\u00f9 nazionale: &#8220;O \u00e8 pienamente consapevole che dentro il suo partito ci sono quelle idee oppure \u00e8 la leader politica p&#8230;<\/p>\n","protected":false},"author":425,"featured_media":0,"comment_status":"closed","ping_status":"closed","sticky":false,"template":"","format":"standard","meta":{"om_disable_all_campaigns":false,"_monsterinsights_skip_tracking":false,"_monsterinsights_sitenote_active":false,"_monsterinsights_sitenote_note":"","_monsterinsights_sitenote_category":0,"footnotes":""},"categories":[748],"tags":[],"class_list":["post-617381","post","type-post","status-publish","format-standard","hentry","category-politica-italiana"],"aioseo_notices":[],"_links":{"self":[{"href":"https:\/\/nugnes.com\/index.php?rest_route=\/wp\/v2\/posts\/617381","targetHints":{"allow":["GET"]}}],"collection":[{"href":"https:\/\/nugnes.com\/index.php?rest_route=\/wp\/v2\/posts"}],"about":[{"href":"https:\/\/nugnes.com\/index.php?rest_route=\/wp\/v2\/types\/post"}],"author":[{"embeddable":true,"href":"https:\/\/nugnes.com\/index.php?rest_route=\/wp\/v2\/users\/425"}],"replies":[{"embeddable":true,"href":"https:\/\/nugnes.com\/index.php?rest_route=%2Fwp%2Fv2%2Fcomments&post=617381"}],"version-history":[{"count":1,"href":"https:\/\/nugnes.com\/index.php?rest_route=\/wp\/v2\/posts\/617381\/revisions"}],"predecessor-version":[{"id":617382,"href":"https:\/\/nugnes.com\/index.php?rest_route=\/wp\/v2\/posts\/617381\/revisions\/617382"}],"wp:attachment":[{"href":"https:\/\/nugnes.com\/index.php?rest_route=%2Fwp%2Fv2%2Fmedia&parent=617381"}],"wp:term":[{"taxonomy":"category","embeddable":true,"href":"https:\/\/nugnes.com\/index.php?rest_route=%2Fwp%2Fv2%2Fcategories&post=617381"},{"taxonomy":"post_tag","embeddable":true,"href":"https:\/\/nugnes.com\/index.php?rest_route=%2Fwp%2Fv2%2Ftags&post=617381"}],"curies":[{"name":"wp","href":"https:\/\/api.w.org\/{rel}","templated":true}]}}