{"id":621346,"date":"2024-07-10T08:12:05","date_gmt":"2024-07-10T08:12:05","guid":{"rendered":"https:\/\/www.fanpage.it\/stile-e-trend\/?p=199436"},"modified":"2024-07-10T08:12:05","modified_gmt":"2024-07-10T08:12:05","slug":"svelato-il-tema-del-fuorisalone-2025-quale-sara-largomento-della-milano-design-week","status":"publish","type":"post","link":"https:\/\/nugnes.com\/?p=621346","title":{"rendered":"Svelato il tema del Fuorisalone 2025: quale sar\u00e0 l&#8217;argomento della Milano Design Week"},"content":{"rendered":"<img src=\"https:\/\/staticfanpage.akamaized.net\/wp-content\/uploads\/sites\/33\/2024\/07\/tema-fuorisalone-2025-milano-design-week-300x225.jpg\" \/><br \/>\u00c8 stato svelato il tema del Fuorisalone 2025, l'evento che animer\u00e0 Milano durante la prossima primavera: dal 7 al 13 aprile 2025 nel centro del capoluogo meneghino si celebrer\u00e0 l'unit\u00e0 tra le persone e le discipline.<br \/><a href=\"https:\/\/www.fanpage.it\/stile-e-trend\/design\/svelato-il-tema-del-fuorisalone-2025-quale-sara-largomento-della-milano-design-week\/\">Continua a leggere<\/a>","protected":false},"excerpt":{"rendered":"<p>\u00c8 stato svelato il tema del Fuorisalone 2025, l&#8217;evento che animer\u00e0 Milano durante la prossima primavera: dal 7 al 13 aprile 2025 nel centro del capoluogo meneghino si celebrer\u00e0 l&#8217;unit\u00e0 tra le persone e le discipline.Continua a leggere<\/p>\n","protected":false},"author":569,"featured_media":0,"comment_status":"closed","ping_status":"closed","sticky":false,"template":"","format":"standard","meta":{"om_disable_all_campaigns":false,"_monsterinsights_skip_tracking":false,"_monsterinsights_sitenote_active":false,"_monsterinsights_sitenote_note":"","_monsterinsights_sitenote_category":0,"footnotes":""},"categories":[1391],"tags":[],"class_list":["post-621346","post","type-post","status-publish","format-standard","hentry","category-design"],"aioseo_notices":[],"_links":{"self":[{"href":"https:\/\/nugnes.com\/index.php?rest_route=\/wp\/v2\/posts\/621346","targetHints":{"allow":["GET"]}}],"collection":[{"href":"https:\/\/nugnes.com\/index.php?rest_route=\/wp\/v2\/posts"}],"about":[{"href":"https:\/\/nugnes.com\/index.php?rest_route=\/wp\/v2\/types\/post"}],"author":[{"embeddable":true,"href":"https:\/\/nugnes.com\/index.php?rest_route=\/wp\/v2\/users\/569"}],"replies":[{"embeddable":true,"href":"https:\/\/nugnes.com\/index.php?rest_route=%2Fwp%2Fv2%2Fcomments&post=621346"}],"version-history":[{"count":1,"href":"https:\/\/nugnes.com\/index.php?rest_route=\/wp\/v2\/posts\/621346\/revisions"}],"predecessor-version":[{"id":621347,"href":"https:\/\/nugnes.com\/index.php?rest_route=\/wp\/v2\/posts\/621346\/revisions\/621347"}],"wp:attachment":[{"href":"https:\/\/nugnes.com\/index.php?rest_route=%2Fwp%2Fv2%2Fmedia&parent=621346"}],"wp:term":[{"taxonomy":"category","embeddable":true,"href":"https:\/\/nugnes.com\/index.php?rest_route=%2Fwp%2Fv2%2Fcategories&post=621346"},{"taxonomy":"post_tag","embeddable":true,"href":"https:\/\/nugnes.com\/index.php?rest_route=%2Fwp%2Fv2%2Ftags&post=621346"}],"curies":[{"name":"wp","href":"https:\/\/api.w.org\/{rel}","templated":true}]}}