{"id":621374,"date":"2024-07-10T07:03:48","date_gmt":"2024-07-10T07:03:48","guid":{"rendered":"https:\/\/www.fanpage.it\/spettacolo\/?p=282029"},"modified":"2024-07-10T07:03:48","modified_gmt":"2024-07-10T07:03:48","slug":"il-matrimonio-di-simona-ventura-e-giovanni-terzi-le-foto-in-esclusiva-su-chi","status":"publish","type":"post","link":"https:\/\/nugnes.com\/?p=621374","title":{"rendered":"Il matrimonio di Simona Ventura e Giovanni Terzi: le foto in esclusiva su Chi"},"content":{"rendered":"<img src=\"https:\/\/staticfanpage.akamaized.net\/wp-content\/uploads\/sites\/25\/2024\/07\/Schermata-2024-07-10-alle-08.36.59-300x225.jpg\" \/><br \/>Il servizio esclusivo di Chi sul matrimonio dell'anno, quello tra Simona Ventura e Giovanni Terzi con le loro dichiarazioni: \"Abbiamo un'et\u00e0 che \u00e8 quella della disillusione e, invece, anzich\u00e9 lasciare, abbiamo raddoppiato\".<br \/><a href=\"https:\/\/www.fanpage.it\/spettacolo\/gossip\/il-matrimonio-di-simona-ventura-e-giovanni-terzi-le-foto-in-esclusiva-su-chi\/\">Continua a leggere<\/a>","protected":false},"excerpt":{"rendered":"<p>Il servizio esclusivo di Chi sul matrimonio dell&#8217;anno, quello tra Simona Ventura e Giovanni Terzi con le loro dichiarazioni: &#8220;Abbiamo un&#8217;et\u00e0 che \u00e8 quella della disillusione e, invece, anzich\u00e9 lasciare, abbiamo raddoppiato&#8221;.Continua a leggere<\/p>\n","protected":false},"author":124,"featured_media":0,"comment_status":"closed","ping_status":"closed","sticky":false,"template":"","format":"standard","meta":{"om_disable_all_campaigns":false,"_monsterinsights_skip_tracking":false,"_monsterinsights_sitenote_active":false,"_monsterinsights_sitenote_note":"","_monsterinsights_sitenote_category":0,"footnotes":""},"categories":[1393],"tags":[],"class_list":["post-621374","post","type-post","status-publish","format-standard","hentry","category-gossip"],"aioseo_notices":[],"_links":{"self":[{"href":"https:\/\/nugnes.com\/index.php?rest_route=\/wp\/v2\/posts\/621374","targetHints":{"allow":["GET"]}}],"collection":[{"href":"https:\/\/nugnes.com\/index.php?rest_route=\/wp\/v2\/posts"}],"about":[{"href":"https:\/\/nugnes.com\/index.php?rest_route=\/wp\/v2\/types\/post"}],"author":[{"embeddable":true,"href":"https:\/\/nugnes.com\/index.php?rest_route=\/wp\/v2\/users\/124"}],"replies":[{"embeddable":true,"href":"https:\/\/nugnes.com\/index.php?rest_route=%2Fwp%2Fv2%2Fcomments&post=621374"}],"version-history":[{"count":1,"href":"https:\/\/nugnes.com\/index.php?rest_route=\/wp\/v2\/posts\/621374\/revisions"}],"predecessor-version":[{"id":621375,"href":"https:\/\/nugnes.com\/index.php?rest_route=\/wp\/v2\/posts\/621374\/revisions\/621375"}],"wp:attachment":[{"href":"https:\/\/nugnes.com\/index.php?rest_route=%2Fwp%2Fv2%2Fmedia&parent=621374"}],"wp:term":[{"taxonomy":"category","embeddable":true,"href":"https:\/\/nugnes.com\/index.php?rest_route=%2Fwp%2Fv2%2Fcategories&post=621374"},{"taxonomy":"post_tag","embeddable":true,"href":"https:\/\/nugnes.com\/index.php?rest_route=%2Fwp%2Fv2%2Ftags&post=621374"}],"curies":[{"name":"wp","href":"https:\/\/api.w.org\/{rel}","templated":true}]}}