{"id":625241,"date":"2024-07-18T10:40:37","date_gmt":"2024-07-18T10:40:37","guid":{"rendered":"https:\/\/www.fanpage.it\/milano\/?p=286338"},"modified":"2024-07-18T10:40:37","modified_gmt":"2024-07-18T10:40:37","slug":"tetraplegica-dal-2015-da-mesi-aspetta-il-suicidio-assistito-nessuna-risposta-da-regione-lombardia","status":"publish","type":"post","link":"https:\/\/nugnes.com\/?p=625241","title":{"rendered":"Tetraplegica dal 2015, da mesi aspetta il suicidio assistito: &#8220;Nessuna risposta da Regione Lombardia&#8221;"},"content":{"rendered":"<img src=\"https:\/\/staticfanpage.akamaized.net\/wp-content\/uploads\/sites\/29\/2024\/07\/liberi-subito-300x225.jpeg\" \/><br \/>Una donna residente in provincia di Mantova ha chiesto alla sanit\u00e0 pubblica di poter accedere alle pratiche per il fine vita, ma la procedura \u00e8 ferma da mesi. La proposta di legge regionale: \"Il diritto al suicidio assistito \u00e8 garantito dalla legge, ora sono necessari tempi di risposta certi\"<br \/><a href=\"https:\/\/www.fanpage.it\/milano\/tetraplegica-dal-2015-da-mesi-aspetta-il-suicidio-assistito-nessuna-risposta-da-regione-lombardia\/\">Continua a leggere<\/a>","protected":false},"excerpt":{"rendered":"<p>Una donna residente in provincia di Mantova ha chiesto alla sanit\u00e0 pubblica di poter accedere alle pratiche per il fine vita, ma la procedura \u00e8 ferma da mesi. La proposta di legge regionale: &#8220;Il diritto al suicidio assistito \u00e8 garantito dalla legge, or&#8230;<\/p>\n","protected":false},"author":296,"featured_media":0,"comment_status":"closed","ping_status":"closed","sticky":false,"template":"","format":"standard","meta":{"om_disable_all_campaigns":false,"_monsterinsights_skip_tracking":false,"_monsterinsights_sitenote_active":false,"_monsterinsights_sitenote_note":"","_monsterinsights_sitenote_category":0,"footnotes":""},"categories":[745,10],"tags":[],"class_list":["post-625241","post","type-post","status-publish","format-standard","hentry","category-attualita","category-cronaca"],"aioseo_notices":[],"_links":{"self":[{"href":"https:\/\/nugnes.com\/index.php?rest_route=\/wp\/v2\/posts\/625241","targetHints":{"allow":["GET"]}}],"collection":[{"href":"https:\/\/nugnes.com\/index.php?rest_route=\/wp\/v2\/posts"}],"about":[{"href":"https:\/\/nugnes.com\/index.php?rest_route=\/wp\/v2\/types\/post"}],"author":[{"embeddable":true,"href":"https:\/\/nugnes.com\/index.php?rest_route=\/wp\/v2\/users\/296"}],"replies":[{"embeddable":true,"href":"https:\/\/nugnes.com\/index.php?rest_route=%2Fwp%2Fv2%2Fcomments&post=625241"}],"version-history":[{"count":1,"href":"https:\/\/nugnes.com\/index.php?rest_route=\/wp\/v2\/posts\/625241\/revisions"}],"predecessor-version":[{"id":625242,"href":"https:\/\/nugnes.com\/index.php?rest_route=\/wp\/v2\/posts\/625241\/revisions\/625242"}],"wp:attachment":[{"href":"https:\/\/nugnes.com\/index.php?rest_route=%2Fwp%2Fv2%2Fmedia&parent=625241"}],"wp:term":[{"taxonomy":"category","embeddable":true,"href":"https:\/\/nugnes.com\/index.php?rest_route=%2Fwp%2Fv2%2Fcategories&post=625241"},{"taxonomy":"post_tag","embeddable":true,"href":"https:\/\/nugnes.com\/index.php?rest_route=%2Fwp%2Fv2%2Ftags&post=625241"}],"curies":[{"name":"wp","href":"https:\/\/api.w.org\/{rel}","templated":true}]}}