{"id":631394,"date":"2024-08-01T05:39:59","date_gmt":"2024-08-01T05:39:59","guid":{"rendered":"https:\/\/www.fanpage.it\/?p=2144426"},"modified":"2024-08-01T05:39:59","modified_gmt":"2024-08-01T05:39:59","slug":"a-teheran-i-funerali-di-ismail-haniyeh-attesa-per-il-discorso-di-khamenei-iran-chiude-spazio-aereo","status":"publish","type":"post","link":"https:\/\/nugnes.com\/?p=631394","title":{"rendered":"A Teheran i funerali di Ismail Haniyeh, attesa per il discorso di Khamenei. Iran chiude spazio aereo"},"content":{"rendered":"<img src=\"https:\/\/staticfanpage.akamaized.net\/wp-content\/uploads\/2024\/08\/GettyImages-2164076607-300x225.jpg\" \/><br \/>Si stanno celebrando a Teheran i cortei funebri per il capo di Hamas Ismail Haniyeh, ucciso la notte tra marted\u00ec e mercoled\u00ec in un attacco aereo attribuito a Israele. L'Ayatollah Ali Khamenei, presieder\u00e0 la cerimonia di preghiera e c'\u00e8 molta attesa per il suo intervento, che potrebbe ufficializzare la temuta azione di rappresaglia contro Tel Aviv.<br \/><a href=\"https:\/\/www.fanpage.it\/esteri\/a-teheran-i-funerali-di-ismail-haniyeh-attesa-per-il-discorso-di-khamenei-iran-chiude-spazio-aereo\/\">Continua a leggere<\/a>","protected":false},"excerpt":{"rendered":"<p>Si stanno celebrando a Teheran i cortei funebri per il capo di Hamas Ismail Haniyeh, ucciso la notte tra marted\u00ec e mercoled\u00ec in un attacco aereo attribuito a Israele. L&#8217;Ayatollah Ali Khamenei, presieder\u00e0 la cerimonia di preghiera e c&#8217;\u00e8 molta attesa per&#8230;<\/p>\n","protected":false},"author":113,"featured_media":0,"comment_status":"closed","ping_status":"closed","sticky":false,"template":"","format":"standard","meta":{"om_disable_all_campaigns":false,"_monsterinsights_skip_tracking":false,"_monsterinsights_sitenote_active":false,"_monsterinsights_sitenote_note":"","_monsterinsights_sitenote_category":0,"footnotes":""},"categories":[20],"tags":[],"class_list":["post-631394","post","type-post","status-publish","format-standard","hentry","category-esteri"],"aioseo_notices":[],"_links":{"self":[{"href":"https:\/\/nugnes.com\/index.php?rest_route=\/wp\/v2\/posts\/631394","targetHints":{"allow":["GET"]}}],"collection":[{"href":"https:\/\/nugnes.com\/index.php?rest_route=\/wp\/v2\/posts"}],"about":[{"href":"https:\/\/nugnes.com\/index.php?rest_route=\/wp\/v2\/types\/post"}],"author":[{"embeddable":true,"href":"https:\/\/nugnes.com\/index.php?rest_route=\/wp\/v2\/users\/113"}],"replies":[{"embeddable":true,"href":"https:\/\/nugnes.com\/index.php?rest_route=%2Fwp%2Fv2%2Fcomments&post=631394"}],"version-history":[{"count":2,"href":"https:\/\/nugnes.com\/index.php?rest_route=\/wp\/v2\/posts\/631394\/revisions"}],"predecessor-version":[{"id":631418,"href":"https:\/\/nugnes.com\/index.php?rest_route=\/wp\/v2\/posts\/631394\/revisions\/631418"}],"wp:attachment":[{"href":"https:\/\/nugnes.com\/index.php?rest_route=%2Fwp%2Fv2%2Fmedia&parent=631394"}],"wp:term":[{"taxonomy":"category","embeddable":true,"href":"https:\/\/nugnes.com\/index.php?rest_route=%2Fwp%2Fv2%2Fcategories&post=631394"},{"taxonomy":"post_tag","embeddable":true,"href":"https:\/\/nugnes.com\/index.php?rest_route=%2Fwp%2Fv2%2Ftags&post=631394"}],"curies":[{"name":"wp","href":"https:\/\/api.w.org\/{rel}","templated":true}]}}