{"id":649990,"date":"2024-09-13T15:42:04","date_gmt":"2024-09-13T15:42:04","guid":{"rendered":"https:\/\/www.fanpage.it\/sport\/?p=2113330"},"modified":"2024-09-13T15:42:04","modified_gmt":"2024-09-13T15:42:04","slug":"manchester-city-a-rischio-retrocessione-guardiola-ci-ride-su-non-vedo-lora-inizi-il-processo","status":"publish","type":"post","link":"https:\/\/nugnes.com\/?p=649990","title":{"rendered":"Manchester City a rischio retrocessione, Guardiola ci ride su: &#8220;Non vedo l&#8217;ora inizi il processo&#8221;"},"content":{"rendered":"<img src=\"https:\/\/staticfanpage.akamaized.net\/wp-content\/uploads\/sites\/27\/2024\/09\/pep-guardiola-conferenza-processo-city-300x225.jpeg\" \/><br \/>Luned\u00ec 16 settembre inizia il processo al Manchester City che si dovr\u00e0 difendere dall'accusa di aver commesso ben 115 violazioni al Fair Play Finanziario. Argomento che tiene banco pi\u00f9 delle partite di Premier e di Champions, al quale Pep Guardiola ha dovuto rispondere in conferenza, non senza un pizzico di sarcasmo: \"Finch\u00e9 non ci sono sentenze, tutti sono innocenti...\"<br \/><a href=\"https:\/\/www.fanpage.it\/sport\/calcio\/manchester-city-a-rischio-retrocessione-guardiola-ci-ride-su-non-vedo-lora-inizi-il-processo\/\">Continua a leggere<\/a>","protected":false},"excerpt":{"rendered":"<p>Luned\u00ec 16 settembre inizia il processo al Manchester City che si dovr\u00e0 difendere dall&#8217;accusa di aver commesso ben 115 violazioni al Fair Play Finanziario. Argomento che tiene banco pi\u00f9 delle partite di Premier e di Champions, al quale Pep Guardiola ha &#8230;<\/p>\n","protected":false},"author":81,"featured_media":0,"comment_status":"closed","ping_status":"closed","sticky":false,"template":"","format":"standard","meta":{"om_disable_all_campaigns":false,"_monsterinsights_skip_tracking":false,"_monsterinsights_sitenote_active":false,"_monsterinsights_sitenote_note":"","_monsterinsights_sitenote_category":0,"footnotes":""},"categories":[75,743,756],"tags":[],"class_list":["post-649990","post","type-post","status-publish","format-standard","hentry","category-calcio","category-notizie","category-premier-league"],"aioseo_notices":[],"_links":{"self":[{"href":"https:\/\/nugnes.com\/index.php?rest_route=\/wp\/v2\/posts\/649990","targetHints":{"allow":["GET"]}}],"collection":[{"href":"https:\/\/nugnes.com\/index.php?rest_route=\/wp\/v2\/posts"}],"about":[{"href":"https:\/\/nugnes.com\/index.php?rest_route=\/wp\/v2\/types\/post"}],"author":[{"embeddable":true,"href":"https:\/\/nugnes.com\/index.php?rest_route=\/wp\/v2\/users\/81"}],"replies":[{"embeddable":true,"href":"https:\/\/nugnes.com\/index.php?rest_route=%2Fwp%2Fv2%2Fcomments&post=649990"}],"version-history":[{"count":1,"href":"https:\/\/nugnes.com\/index.php?rest_route=\/wp\/v2\/posts\/649990\/revisions"}],"predecessor-version":[{"id":649991,"href":"https:\/\/nugnes.com\/index.php?rest_route=\/wp\/v2\/posts\/649990\/revisions\/649991"}],"wp:attachment":[{"href":"https:\/\/nugnes.com\/index.php?rest_route=%2Fwp%2Fv2%2Fmedia&parent=649990"}],"wp:term":[{"taxonomy":"category","embeddable":true,"href":"https:\/\/nugnes.com\/index.php?rest_route=%2Fwp%2Fv2%2Fcategories&post=649990"},{"taxonomy":"post_tag","embeddable":true,"href":"https:\/\/nugnes.com\/index.php?rest_route=%2Fwp%2Fv2%2Ftags&post=649990"}],"curies":[{"name":"wp","href":"https:\/\/api.w.org\/{rel}","templated":true}]}}