{"id":651684,"date":"2024-09-17T08:28:02","date_gmt":"2024-09-17T08:28:02","guid":{"rendered":"https:\/\/www.fanpage.it\/milano\/?p=294807"},"modified":"2024-09-17T08:28:02","modified_gmt":"2024-09-17T08:28:02","slug":"ragazzo-di-19-anni-accoltellato-nella-notte-a-milano-e-grave-in-ospedale-si-cerca-laggressore","status":"publish","type":"post","link":"https:\/\/nugnes.com\/?p=651684","title":{"rendered":"Ragazzo di 19 anni accoltellato nella notte a Milano: \u00e8 grave in ospedale, si cerca l&#8217;aggressore"},"content":{"rendered":"<img src=\"https:\/\/staticfanpage.akamaized.net\/wp-content\/uploads\/sites\/3\/2020\/06\/ambulanza-notte-milano-300x225.jpg\" \/><br \/>Nella notte di marted\u00ec 17 settembre, a Milano, un 19enne \u00e8 stato accoltellato nel quartiere Corvetto. Il ragazzo \u00e8 stato ricoverato in gravi condizioni presso il Policlinico.<br \/><a href=\"https:\/\/www.fanpage.it\/milano\/ragazzo-di-19-anni-accoltellato-nella-notte-a-milano-e-grave-in-ospedale-si-cerca-laggressore\/\">Continua a leggere<\/a>","protected":false},"excerpt":{"rendered":"<p>Nella notte di marted\u00ec 17 settembre, a Milano, un 19enne \u00e8 stato accoltellato nel quartiere Corvetto. Il ragazzo \u00e8 stato ricoverato in gravi condizioni presso il Policlinico.Continua a leggere<\/p>\n","protected":false},"author":664,"featured_media":0,"comment_status":"closed","ping_status":"closed","sticky":false,"template":"","format":"standard","meta":{"om_disable_all_campaigns":false,"_monsterinsights_skip_tracking":false,"_monsterinsights_sitenote_active":false,"_monsterinsights_sitenote_note":"","_monsterinsights_sitenote_category":0,"footnotes":""},"categories":[745,757,10],"tags":[],"class_list":["post-651684","post","type-post","status-publish","format-standard","hentry","category-attualita","category-cremona","category-cronaca"],"aioseo_notices":[],"_links":{"self":[{"href":"https:\/\/nugnes.com\/index.php?rest_route=\/wp\/v2\/posts\/651684","targetHints":{"allow":["GET"]}}],"collection":[{"href":"https:\/\/nugnes.com\/index.php?rest_route=\/wp\/v2\/posts"}],"about":[{"href":"https:\/\/nugnes.com\/index.php?rest_route=\/wp\/v2\/types\/post"}],"author":[{"embeddable":true,"href":"https:\/\/nugnes.com\/index.php?rest_route=\/wp\/v2\/users\/664"}],"replies":[{"embeddable":true,"href":"https:\/\/nugnes.com\/index.php?rest_route=%2Fwp%2Fv2%2Fcomments&post=651684"}],"version-history":[{"count":1,"href":"https:\/\/nugnes.com\/index.php?rest_route=\/wp\/v2\/posts\/651684\/revisions"}],"predecessor-version":[{"id":651685,"href":"https:\/\/nugnes.com\/index.php?rest_route=\/wp\/v2\/posts\/651684\/revisions\/651685"}],"wp:attachment":[{"href":"https:\/\/nugnes.com\/index.php?rest_route=%2Fwp%2Fv2%2Fmedia&parent=651684"}],"wp:term":[{"taxonomy":"category","embeddable":true,"href":"https:\/\/nugnes.com\/index.php?rest_route=%2Fwp%2Fv2%2Fcategories&post=651684"},{"taxonomy":"post_tag","embeddable":true,"href":"https:\/\/nugnes.com\/index.php?rest_route=%2Fwp%2Fv2%2Ftags&post=651684"}],"curies":[{"name":"wp","href":"https:\/\/api.w.org\/{rel}","templated":true}]}}