{"id":667394,"date":"2024-10-21T19:07:10","date_gmt":"2024-10-21T19:07:10","guid":{"rendered":"https:\/\/www.fanpage.it\/spettacolo\/?p=311613"},"modified":"2024-10-21T19:07:10","modified_gmt":"2024-10-21T19:07:10","slug":"claudio-gioe-e-mike-bongiorno-e-stato-il-primo-divo-della-tv-ma-viveva-la-popolarita-sporcandosi-le-mani","status":"publish","type":"post","link":"https:\/\/nugnes.com\/?p=667394","title":{"rendered":"Claudio Gio\u00e9 \u00e8 Mike Bongiorno: &#8220;\u00c8 stato il primo divo della tv, ma viveva la popolarit\u00e0 sporcandosi le mani&#8221;"},"content":{"rendered":"<img src=\"https:\/\/staticfanpage.akamaized.net\/wp-content\/uploads\/sites\/25\/2024\/10\/DSCF4463-1729515535247-300x225.jpg\" \/><br \/>Claudio Gio\u00e9 interpreta Mike Bongiorno nella miniserie Mike, in onda luned\u00ec 21 e marted\u00ec 22 ottobre su Rai1. L'attore siciliano racconta come ha portato in scena il lato pi\u00f9 intimo di uno dei volti pi\u00f9 amati della tv, sottolineando come pur essendo stato il primo divo della tv non si sia mai comportato come tale.<br \/><a href=\"https:\/\/www.fanpage.it\/spettacolo\/interviste\/claudio-gioe-e-mike-bongiorno-e-stato-il-primo-divo-della-tv-ma-viveva-la-popolarita-sporcandosi-le-mani\/\">Continua a leggere<\/a>","protected":false},"excerpt":{"rendered":"<p>Claudio Gio\u00e9 interpreta Mike Bongiorno nella miniserie Mike, in onda luned\u00ec 21 e marted\u00ec 22 ottobre su Rai1. L&#8217;attore siciliano racconta come ha portato in scena il lato pi\u00f9 intimo di uno dei volti pi\u00f9 amati della tv, sottolineando come pur essendo sta&#8230;<\/p>\n","protected":false},"author":103,"featured_media":0,"comment_status":"closed","ping_status":"closed","sticky":false,"template":"","format":"standard","meta":{"om_disable_all_campaigns":false,"_monsterinsights_skip_tracking":false,"_monsterinsights_sitenote_active":false,"_monsterinsights_sitenote_note":"","_monsterinsights_sitenote_category":0,"footnotes":""},"categories":[1411],"tags":[],"class_list":["post-667394","post","type-post","status-publish","format-standard","hentry","category-interviste"],"aioseo_notices":[],"_links":{"self":[{"href":"https:\/\/nugnes.com\/index.php?rest_route=\/wp\/v2\/posts\/667394","targetHints":{"allow":["GET"]}}],"collection":[{"href":"https:\/\/nugnes.com\/index.php?rest_route=\/wp\/v2\/posts"}],"about":[{"href":"https:\/\/nugnes.com\/index.php?rest_route=\/wp\/v2\/types\/post"}],"author":[{"embeddable":true,"href":"https:\/\/nugnes.com\/index.php?rest_route=\/wp\/v2\/users\/103"}],"replies":[{"embeddable":true,"href":"https:\/\/nugnes.com\/index.php?rest_route=%2Fwp%2Fv2%2Fcomments&post=667394"}],"version-history":[{"count":1,"href":"https:\/\/nugnes.com\/index.php?rest_route=\/wp\/v2\/posts\/667394\/revisions"}],"predecessor-version":[{"id":667395,"href":"https:\/\/nugnes.com\/index.php?rest_route=\/wp\/v2\/posts\/667394\/revisions\/667395"}],"wp:attachment":[{"href":"https:\/\/nugnes.com\/index.php?rest_route=%2Fwp%2Fv2%2Fmedia&parent=667394"}],"wp:term":[{"taxonomy":"category","embeddable":true,"href":"https:\/\/nugnes.com\/index.php?rest_route=%2Fwp%2Fv2%2Fcategories&post=667394"},{"taxonomy":"post_tag","embeddable":true,"href":"https:\/\/nugnes.com\/index.php?rest_route=%2Fwp%2Fv2%2Ftags&post=667394"}],"curies":[{"name":"wp","href":"https:\/\/api.w.org\/{rel}","templated":true}]}}