{"id":683663,"date":"2025-04-09T10:14:02","date_gmt":"2025-04-09T10:14:02","guid":{"rendered":"https:\/\/www.fanpage.it\/wamily\/?p=21725"},"modified":"2025-04-09T10:14:02","modified_gmt":"2025-04-09T10:14:02","slug":"schermi-e-bambini-i-rischi-per-il-benessere-dei-figli-e-i-consigli-degli-esperti-per-un-uso-piu-sano","status":"publish","type":"post","link":"https:\/\/nugnes.com\/?p=683663","title":{"rendered":"Schermi e bambini: i rischi per il benessere dei figli e i consigli degli esperti per un uso pi\u00f9 sano"},"content":{"rendered":"<img src=\"https:\/\/staticfanpage.akamaized.net\/wp-content\/uploads\/sites\/37\/2024\/11\/bambini-piccoli-tecnologia-fanpage-300x225.jpg\" \/><br \/>Uno studio australiano ha analizzato l\u2019impatto degli schermi sui bambini tra i 4 e i 6 anni, segnalando possibili effetti negativi sul benessere e la crescita dei pi\u00f9 piccoli, sempre meno concentrati e pi\u00f9 propensi a sviluppare disturbi dell'apprendimento e problemi di ansia. Secondo le autrici della ricerca per\u00f2, i genitori possano giocare un ruolo importante nel guidare i figli verso un uso pi\u00f9 sano e consapevole della tecnologia.<br \/><a href=\"https:\/\/www.fanpage.it\/wamily\/schermi-e-bambini-i-rischi-per-il-benessere-dei-figli-e-i-consigli-degli-esperti-per-un-uso-piu-sano\/\">Continua a leggere<\/a>","protected":false},"excerpt":{"rendered":"<p>Uno studio australiano ha analizzato l\u2019impatto degli schermi sui bambini tra i 4 e i 6 anni, segnalando possibili effetti negativi sul benessere e la crescita dei pi\u00f9 piccoli, sempre meno concentrati e pi\u00f9 propensi a sviluppare disturbi dell&#8217;apprendime&#8230;<\/p>\n","protected":false},"author":638,"featured_media":0,"comment_status":"closed","ping_status":"closed","sticky":false,"template":"","format":"standard","meta":{"om_disable_all_campaigns":false,"_monsterinsights_skip_tracking":false,"_monsterinsights_sitenote_active":false,"_monsterinsights_sitenote_note":"","_monsterinsights_sitenote_category":0,"footnotes":""},"categories":[1541],"tags":[],"class_list":["post-683663","post","type-post","status-publish","format-standard","hentry","category-psicologia-ed-educazione"],"aioseo_notices":[],"_links":{"self":[{"href":"https:\/\/nugnes.com\/index.php?rest_route=\/wp\/v2\/posts\/683663","targetHints":{"allow":["GET"]}}],"collection":[{"href":"https:\/\/nugnes.com\/index.php?rest_route=\/wp\/v2\/posts"}],"about":[{"href":"https:\/\/nugnes.com\/index.php?rest_route=\/wp\/v2\/types\/post"}],"author":[{"embeddable":true,"href":"https:\/\/nugnes.com\/index.php?rest_route=\/wp\/v2\/users\/638"}],"replies":[{"embeddable":true,"href":"https:\/\/nugnes.com\/index.php?rest_route=%2Fwp%2Fv2%2Fcomments&post=683663"}],"version-history":[{"count":1,"href":"https:\/\/nugnes.com\/index.php?rest_route=\/wp\/v2\/posts\/683663\/revisions"}],"predecessor-version":[{"id":683664,"href":"https:\/\/nugnes.com\/index.php?rest_route=\/wp\/v2\/posts\/683663\/revisions\/683664"}],"wp:attachment":[{"href":"https:\/\/nugnes.com\/index.php?rest_route=%2Fwp%2Fv2%2Fmedia&parent=683663"}],"wp:term":[{"taxonomy":"category","embeddable":true,"href":"https:\/\/nugnes.com\/index.php?rest_route=%2Fwp%2Fv2%2Fcategories&post=683663"},{"taxonomy":"post_tag","embeddable":true,"href":"https:\/\/nugnes.com\/index.php?rest_route=%2Fwp%2Fv2%2Ftags&post=683663"}],"curies":[{"name":"wp","href":"https:\/\/api.w.org\/{rel}","templated":true}]}}